{"id":63458,"date":"2022-08-28T19:04:33","date_gmt":"2022-08-28T22:04:33","guid":{"rendered":"https:\/\/www.centraldenoticias.com.ar\/?p=63458"},"modified":"2022-08-28T19:04:33","modified_gmt":"2022-08-28T22:04:33","slug":"la-educacion-es-importante-como-herramienta-de-transformacion-social","status":"publish","type":"post","link":"https:\/\/cdnoticias.com\/index.php\/2022\/08\/28\/la-educacion-es-importante-como-herramienta-de-transformacion-social\/","title":{"rendered":"\u201cLa educaci\u00f3n es importante como herramienta de transformaci\u00f3n social\u201d"},"content":{"rendered":"<p>La concejal Bel\u00e9n Vergel se refiri\u00f3 al recorte en educaci\u00f3n anunciado por el gobierno nacional.<!--more--><\/p>\n<hr \/>\n<p>&nbsp;<\/p>\n<p>Este jueves, en medio de la sesi\u00f3n del HCD, surgi\u00f3 un intercambio entre el <strong>bloque UCR-Juntos y el Frente de Todos<\/strong> con respecto al <strong>recorte en educaci\u00f3n dispuesto por el Ministro Sergio Massa.<\/strong><\/p>\n<p>&nbsp;<\/p>\n<p>Todo comenz\u00f3 con la presentaci\u00f3n de un proyecto de apoyo por parte del Frente de Todos, respecto al proyecto de Ley de Justicia Digital Educativa. Fue all\u00ed donde <strong>Vergel<\/strong> indic\u00f3 que <strong>\u201c\u00bfC\u00f3mo no acompa\u00f1ar un proyecto de este estilo? Con lo importante que es la educaci\u00f3n.<\/strong> <strong>La garant\u00eda de la educaci\u00f3n es un derecho<\/strong>. Ahora, si lo confrontamos con la realidad de los \u00faltimos d\u00edas, lo veo un poco complejo\u201d.<\/p>\n<p>&nbsp;<\/p>\n<p>Refiri\u00e9ndose directamente al proyecto que estaba en tratamiento, <strong>Vergel<\/strong> se\u00f1al\u00f3 que \u201c<strong>hubo un recorte al programa Conectar Igualdad en su presupuesto de $30 mil millones<\/strong>. <strong>Se ha quitado un 35% del programa\u201d<\/strong>.<\/p>\n<p>&nbsp;<\/p>\n<p>Adem\u00e1s indic\u00f3 que \u201c<strong>siempre vamos a apoyar proyectos de educaci\u00f3n<\/strong>. Porque <strong>la educaci\u00f3n es importante como herramienta de transformaci\u00f3n social<\/strong> y la \u00fanica posible para construir un tejido social m\u00e1s cohesionado en la sociedad futura\u201d.<\/p>\n<p>&nbsp;<\/p>\n<p>Para finalizar su exposici\u00f3n, hizo hincapi\u00e9 en que \u201cen la infancia no hay segundas oportunidades. Por lo cual valoro que pongamos importancia en mayor cantidad de pol\u00edticas que lleven a mejorar la educaci\u00f3n y que permitan que m\u00e1s ni\u00f1os est\u00e9n en la escuela y mejor formados para achicar las brechas sociales\u201d.<\/p>\n","protected":false},"excerpt":{"rendered":"<p>La concejal Bel\u00e9n Vergel se refiri\u00f3 al recorte en educaci\u00f3n anunciado por el gobierno nacional.<\/p>\n","protected":false},"author":6,"featured_media":63459,"comment_status":"closed","ping_status":"closed","sticky":false,"template":"","format":"standard","meta":{"_jetpack_memberships_contains_paid_content":false,"footnotes":""},"categories":[4,1],"tags":[],"class_list":["post-63458","post","type-post","status-publish","format-standard","has-post-thumbnail","hentry","category-politica","category-portada"],"jetpack_featured_media_url":"https:\/\/i0.wp.com\/cdnoticias.com\/wp-content\/uploads\/2022\/08\/se-1024x715-1.jpg?fit=1024%2C715&ssl=1","jetpack_sharing_enabled":true,"_links":{"self":[{"href":"https:\/\/cdnoticias.com\/index.php\/wp-json\/wp\/v2\/posts\/63458","targetHints":{"allow":["GET"]}}],"collection":[{"href":"https:\/\/cdnoticias.com\/index.php\/wp-json\/wp\/v2\/posts"}],"about":[{"href":"https:\/\/cdnoticias.com\/index.php\/wp-json\/wp\/v2\/types\/post"}],"author":[{"embeddable":true,"href":"https:\/\/cdnoticias.com\/index.php\/wp-json\/wp\/v2\/users\/6"}],"replies":[{"embeddable":true,"href":"https:\/\/cdnoticias.com\/index.php\/wp-json\/wp\/v2\/comments?post=63458"}],"version-history":[{"count":0,"href":"https:\/\/cdnoticias.com\/index.php\/wp-json\/wp\/v2\/posts\/63458\/revisions"}],"wp:featuredmedia":[{"embeddable":true,"href":"https:\/\/cdnoticias.com\/index.php\/wp-json\/wp\/v2\/media\/63459"}],"wp:attachment":[{"href":"https:\/\/cdnoticias.com\/index.php\/wp-json\/wp\/v2\/media?parent=63458"}],"wp:term":[{"taxonomy":"category","embeddable":true,"href":"https:\/\/cdnoticias.com\/index.php\/wp-json\/wp\/v2\/categories?post=63458"},{"taxonomy":"post_tag","embeddable":true,"href":"https:\/\/cdnoticias.com\/index.php\/wp-json\/wp\/v2\/tags?post=63458"}],"curies":[{"name":"wp","href":"https:\/\/api.w.org\/{rel}","templated":true}]}}