{"id":63407,"date":"2022-08-27T12:57:32","date_gmt":"2022-08-27T15:57:32","guid":{"rendered":"https:\/\/www.centraldenoticias.com.ar\/?p=63407"},"modified":"2022-08-27T12:57:32","modified_gmt":"2022-08-27T15:57:32","slug":"el-club-el-provincial-tendra-su-fiesta-del-dia-del-nino","status":"publish","type":"post","link":"https:\/\/cdnoticias.com\/index.php\/2022\/08\/27\/el-club-el-provincial-tendra-su-fiesta-del-dia-del-nino\/","title":{"rendered":"El Club El Provincial tendr\u00e1 su \u201cFiesta del D\u00eda del Ni\u00f1o\u201d"},"content":{"rendered":"<p>Se har\u00e1 este domingo desde las 14 con entrada libre y gratuita. Habr\u00e1 juegos, espect\u00e1culos, merienda y se sortear\u00e1 una bicicleta.<!--more--><\/p>\n<hr \/>\n<p><strong>El Club Social y Deportivo El Provincial tendr\u00e1 su \u201cFiesta del D\u00eda del Ni\u00f1o\u201d<\/strong> este domingo desde las 14 y hasta las 18.<\/p>\n<p>&nbsp;<\/p>\n<p>En su sede de <strong>Belgrano y Tacuar\u00ed<\/strong> la propuesta tendr\u00e1 <strong>entrada libre y gratuita<\/strong>.<\/p>\n<p>&nbsp;<\/p>\n<p><strong>Se ofrecer\u00e1 merienda<\/strong> con leche chocolatada y masas varias (tortas-facturas-galletitas). Adem\u00e1s habr\u00e1 <strong>juegos inflables, juegos did\u00e1cticos y deportivos, m\u00fasica, payasos y maquillaje.<\/strong><\/p>\n<p>&nbsp;<\/p>\n<p>Habr\u00e1 tambi\u00e9n <strong>exhibiciones y muestreos de diferentes actividades del Club El Provincial<\/strong>, y se adelant\u00f3 que estar\u00e1n integrantes del <strong>Cuerpo de Bomberos Voluntarios<\/strong> de nuestra ciudad.<\/p>\n<p>&nbsp;<\/p>\n<p>Entre todos los asistentes <strong>se sortear\u00e1n juguetes y se anunci\u00f3 el \u201csorteo especial\u201d de una bicicleta<\/strong>.<\/p>\n<p>&nbsp;<\/p>\n","protected":false},"excerpt":{"rendered":"<p>Se har\u00e1 este domingo desde las 14 con entrada libre y gratuita. Habr\u00e1 juegos, espect\u00e1culos, merienda y se sortear\u00e1 una<\/p>\n","protected":false},"author":4,"featured_media":63408,"comment_status":"closed","ping_status":"closed","sticky":false,"template":"","format":"standard","meta":{"_jetpack_memberships_contains_paid_content":false,"footnotes":""},"categories":[9,1],"tags":[],"class_list":["post-63407","post","type-post","status-publish","format-standard","has-post-thumbnail","hentry","category-cultura","category-portada"],"jetpack_featured_media_url":"https:\/\/i0.wp.com\/cdnoticias.com\/wp-content\/uploads\/2022\/08\/dia-del-nino-el-provincial-A.jpg?fit=800%2C445&ssl=1","jetpack_sharing_enabled":true,"_links":{"self":[{"href":"https:\/\/cdnoticias.com\/index.php\/wp-json\/wp\/v2\/posts\/63407","targetHints":{"allow":["GET"]}}],"collection":[{"href":"https:\/\/cdnoticias.com\/index.php\/wp-json\/wp\/v2\/posts"}],"about":[{"href":"https:\/\/cdnoticias.com\/index.php\/wp-json\/wp\/v2\/types\/post"}],"author":[{"embeddable":true,"href":"https:\/\/cdnoticias.com\/index.php\/wp-json\/wp\/v2\/users\/4"}],"replies":[{"embeddable":true,"href":"https:\/\/cdnoticias.com\/index.php\/wp-json\/wp\/v2\/comments?post=63407"}],"version-history":[{"count":0,"href":"https:\/\/cdnoticias.com\/index.php\/wp-json\/wp\/v2\/posts\/63407\/revisions"}],"wp:featuredmedia":[{"embeddable":true,"href":"https:\/\/cdnoticias.com\/index.php\/wp-json\/wp\/v2\/media\/63408"}],"wp:attachment":[{"href":"https:\/\/cdnoticias.com\/index.php\/wp-json\/wp\/v2\/media?parent=63407"}],"wp:term":[{"taxonomy":"category","embeddable":true,"href":"https:\/\/cdnoticias.com\/index.php\/wp-json\/wp\/v2\/categories?post=63407"},{"taxonomy":"post_tag","embeddable":true,"href":"https:\/\/cdnoticias.com\/index.php\/wp-json\/wp\/v2\/tags?post=63407"}],"curies":[{"name":"wp","href":"https:\/\/api.w.org\/{rel}","templated":true}]}}