{"id":63344,"date":"2022-08-26T13:49:26","date_gmt":"2022-08-26T16:49:26","guid":{"rendered":"https:\/\/www.centraldenoticias.com.ar\/?p=63344"},"modified":"2022-08-26T16:35:37","modified_gmt":"2022-08-26T19:35:37","slug":"grooming-allanamiento-en-un-campo-de-la-zona-de-recalde-y-mapis","status":"publish","type":"post","link":"https:\/\/cdnoticias.com\/index.php\/2022\/08\/26\/grooming-allanamiento-en-un-campo-de-la-zona-de-recalde-y-mapis\/","title":{"rendered":"Grooming: allanamiento en un campo de la zona de Recalde y Mapis"},"content":{"rendered":"<p>Se secuestr\u00f3 un tel\u00e9fono. La medida fue ordenada por el Juzgado de Garant\u00edas N\u00ba 1 en el marco de la UFI a cargo del fiscal Lucas Moyano.<\/p>\n<p><!--more--><\/p>\n<hr \/>\n<p><strong>Personal de la Sub DDI<\/strong> llev\u00f3 adelante este jueves un <strong>allanamiento<\/strong> en el marco de una investigaci\u00f3n penal por <strong>un caso de grooming<\/strong>.<\/p>\n<p>&nbsp;<\/p>\n<p>La medida fue <strong>ordenada por el Juzgado de Garant\u00edas N\u00ba 1<\/strong> que encabeza la jueza Fabiana San Rom\u00e1n.<\/p>\n<p>&nbsp;<\/p>\n<p>El allanamiento<strong> tuvo lugar en un establecimiento rural ubicado entre Recalde y Mapis<\/strong>, en el Partido de Olavarr\u00eda, en el marco de una causa judicial caratulada \u201cgrooming\u201d que investiga el<strong> fiscal Lucas Moyano de la UFI N\u00ba 22<\/strong>.<\/p>\n<p>&nbsp;<\/p>\n<p><img data-recalc-dims=\"1\" loading=\"lazy\" decoding=\"async\" class=\"size-full wp-image-63346 aligncenter\" src=\"https:\/\/i0.wp.com\/cdnoticias.com\/wp-content\/uploads\/2022\/08\/allanamiento-grooming-recalde-00.jpg?resize=800%2C445&#038;ssl=1\" alt=\"\" width=\"800\" height=\"445\" srcset=\"https:\/\/i0.wp.com\/cdnoticias.com\/wp-content\/uploads\/2022\/08\/allanamiento-grooming-recalde-00.jpg?w=800&amp;ssl=1 800w, https:\/\/i0.wp.com\/cdnoticias.com\/wp-content\/uploads\/2022\/08\/allanamiento-grooming-recalde-00.jpg?resize=300%2C167&amp;ssl=1 300w, https:\/\/i0.wp.com\/cdnoticias.com\/wp-content\/uploads\/2022\/08\/allanamiento-grooming-recalde-00.jpg?resize=768%2C427&amp;ssl=1 768w\" sizes=\"auto, (max-width: 800px) 100vw, 800px\" \/><\/p>\n<p>&nbsp;<\/p>\n<p>Se inform\u00f3 que como resultado del operativo <strong>fue secuestrado un tel\u00e9fono ser\u00eda de sumo inter\u00e9s para la presente investigaci\u00f3n.<\/strong><\/p>\n<p>&nbsp;<\/p>\n<p>Intervinieron tambi\u00e9n polic\u00edas de la<em> DDI de Azul, del Puesto de Vigilancia de Recalde y del Destacamento Policial Espigas<\/em>.<\/p>\n","protected":false},"excerpt":{"rendered":"<p>Se secuestr\u00f3 un tel\u00e9fono. La medida fue ordenada por el Juzgado de Garant\u00edas N\u00ba 1 en el marco de la<\/p>\n","protected":false},"author":4,"featured_media":63345,"comment_status":"closed","ping_status":"closed","sticky":false,"template":"","format":"standard","meta":{"_jetpack_memberships_contains_paid_content":false,"footnotes":""},"categories":[14,1],"tags":[],"class_list":["post-63344","post","type-post","status-publish","format-standard","has-post-thumbnail","hentry","category-policiales","category-portada"],"jetpack_featured_media_url":"https:\/\/i0.wp.com\/cdnoticias.com\/wp-content\/uploads\/2022\/08\/allanamiento-grooming-recalde-01.jpg?fit=800%2C445&ssl=1","jetpack_sharing_enabled":true,"_links":{"self":[{"href":"https:\/\/cdnoticias.com\/index.php\/wp-json\/wp\/v2\/posts\/63344","targetHints":{"allow":["GET"]}}],"collection":[{"href":"https:\/\/cdnoticias.com\/index.php\/wp-json\/wp\/v2\/posts"}],"about":[{"href":"https:\/\/cdnoticias.com\/index.php\/wp-json\/wp\/v2\/types\/post"}],"author":[{"embeddable":true,"href":"https:\/\/cdnoticias.com\/index.php\/wp-json\/wp\/v2\/users\/4"}],"replies":[{"embeddable":true,"href":"https:\/\/cdnoticias.com\/index.php\/wp-json\/wp\/v2\/comments?post=63344"}],"version-history":[{"count":0,"href":"https:\/\/cdnoticias.com\/index.php\/wp-json\/wp\/v2\/posts\/63344\/revisions"}],"wp:featuredmedia":[{"embeddable":true,"href":"https:\/\/cdnoticias.com\/index.php\/wp-json\/wp\/v2\/media\/63345"}],"wp:attachment":[{"href":"https:\/\/cdnoticias.com\/index.php\/wp-json\/wp\/v2\/media?parent=63344"}],"wp:term":[{"taxonomy":"category","embeddable":true,"href":"https:\/\/cdnoticias.com\/index.php\/wp-json\/wp\/v2\/categories?post=63344"},{"taxonomy":"post_tag","embeddable":true,"href":"https:\/\/cdnoticias.com\/index.php\/wp-json\/wp\/v2\/tags?post=63344"}],"curies":[{"name":"wp","href":"https:\/\/api.w.org\/{rel}","templated":true}]}}