{"id":63332,"date":"2022-08-28T09:02:54","date_gmt":"2022-08-28T12:02:54","guid":{"rendered":"https:\/\/www.centraldenoticias.com.ar\/?p=63332"},"modified":"2022-08-28T09:53:16","modified_gmt":"2022-08-28T12:53:16","slug":"la-tradicional-maraton-de-corim-anuncio-su-retorno","status":"publish","type":"post","link":"https:\/\/cdnoticias.com\/index.php\/2022\/08\/28\/la-tradicional-maraton-de-corim-anuncio-su-retorno\/","title":{"rendered":"La tradicional marat\u00f3n de CORIM anunci\u00f3 su retorno"},"content":{"rendered":"<p>La fecha oficial es el 25 de septiembre. La competencia tendr\u00e1 como novedad las pruebas de 10 y 5 kil\u00f3metros.<!--more--><\/p>\n<hr \/>\n<p>En la tarde del jueves, en las instalaciones de la entidad educativa, s<strong>e llev\u00f3 adelante la presentaci\u00f3n formal de la competencia marat\u00f3nica \u201cSumate a CORIM\u201d<\/strong> oficializada tambi\u00e9n por el C\u00edrculo de Atletas Veteranos de Olavarr\u00eda (CAVO).<\/p>\n<p>&nbsp;<\/p>\n<p>La reuni\u00f3n estuvo encabezada por <strong>Hern\u00e1n Parra<\/strong>, la directora de CORIM <strong>Graciela Mendoza<\/strong> y miembros de las distintas <strong>firmas comerciales que acompa\u00f1ar\u00e1n<\/strong>.<\/p>\n<p>&nbsp;<\/p>\n<blockquote><p>\u201cDebido a la pandemia tuvimos que suspender ediciones anteriores y la verdad que es una felicidad muy grande poder volver a llevarla a cabo\u201d, sostuvo Parra quien anunci\u00f3 que la marat\u00f3n ser\u00e1 el domingo 25 de septiembre.<\/p><\/blockquote>\n<p>&nbsp;<\/p>\n<p><strong>Las inscripciones ya est\u00e1n abiertas<\/strong> para las pruebas de 10 y 5 kil\u00f3metros.<\/p>\n<p>&nbsp;<\/p>\n<p>Todos los detalles <a href=\"https:\/\/centraldeportes.com.ar\/la-tradicional-maraton-de-corim-anuncio-su-retorno-y-tiene-fecha-oficial\/\" target=\"_blank\" rel=\"noopener\">en Central de Deportes<\/a>.<\/p>\n","protected":false},"excerpt":{"rendered":"<p>La fecha oficial es el 25 de septiembre. La competencia tendr\u00e1 como novedad las pruebas de 10 y 5 kil\u00f3metros.<\/p>\n","protected":false},"author":4,"featured_media":63333,"comment_status":"closed","ping_status":"closed","sticky":false,"template":"","format":"standard","meta":{"_jetpack_memberships_contains_paid_content":false,"footnotes":""},"categories":[5,1],"tags":[],"class_list":["post-63332","post","type-post","status-publish","format-standard","has-post-thumbnail","hentry","category-informacion-general","category-portada"],"jetpack_featured_media_url":"https:\/\/i0.wp.com\/cdnoticias.com\/wp-content\/uploads\/2022\/08\/carrera-corim-0.jpg?fit=800%2C445&ssl=1","jetpack_sharing_enabled":true,"_links":{"self":[{"href":"https:\/\/cdnoticias.com\/index.php\/wp-json\/wp\/v2\/posts\/63332","targetHints":{"allow":["GET"]}}],"collection":[{"href":"https:\/\/cdnoticias.com\/index.php\/wp-json\/wp\/v2\/posts"}],"about":[{"href":"https:\/\/cdnoticias.com\/index.php\/wp-json\/wp\/v2\/types\/post"}],"author":[{"embeddable":true,"href":"https:\/\/cdnoticias.com\/index.php\/wp-json\/wp\/v2\/users\/4"}],"replies":[{"embeddable":true,"href":"https:\/\/cdnoticias.com\/index.php\/wp-json\/wp\/v2\/comments?post=63332"}],"version-history":[{"count":0,"href":"https:\/\/cdnoticias.com\/index.php\/wp-json\/wp\/v2\/posts\/63332\/revisions"}],"wp:featuredmedia":[{"embeddable":true,"href":"https:\/\/cdnoticias.com\/index.php\/wp-json\/wp\/v2\/media\/63333"}],"wp:attachment":[{"href":"https:\/\/cdnoticias.com\/index.php\/wp-json\/wp\/v2\/media?parent=63332"}],"wp:term":[{"taxonomy":"category","embeddable":true,"href":"https:\/\/cdnoticias.com\/index.php\/wp-json\/wp\/v2\/categories?post=63332"},{"taxonomy":"post_tag","embeddable":true,"href":"https:\/\/cdnoticias.com\/index.php\/wp-json\/wp\/v2\/tags?post=63332"}],"curies":[{"name":"wp","href":"https:\/\/api.w.org\/{rel}","templated":true}]}}