{"id":63326,"date":"2022-08-26T13:10:11","date_gmt":"2022-08-26T16:10:11","guid":{"rendered":"https:\/\/www.centraldenoticias.com.ar\/?p=63326"},"modified":"2022-08-26T13:53:53","modified_gmt":"2022-08-26T16:53:53","slug":"covid-bebes-y-ninos-de-6-meses-a-3-anos-no-necesitaran-turno-para-vacunarse","status":"publish","type":"post","link":"https:\/\/cdnoticias.com\/index.php\/2022\/08\/26\/covid-bebes-y-ninos-de-6-meses-a-3-anos-no-necesitaran-turno-para-vacunarse\/","title":{"rendered":"Covid: beb\u00e9s y ni\u00f1os de 6 meses a 3 a\u00f1os no necesitar\u00e1n turno para vacunarse"},"content":{"rendered":"<p>La medida regir\u00e1 desde el pr\u00f3ximo lunes. Se estim\u00f3 que son 500 mil los chicos de esa franja etaria que deben ser inmunizados contra el coronavirus.<!--more--><\/p>\n<hr \/>\n<p><strong>A partir del lunes 29 de agosto, la vacuna contra el Covid-19 ser\u00e1 libre para beb\u00e9s, ni\u00f1as y ni\u00f1os de entre 6 meses y 3 a\u00f1os<\/strong>.<\/p>\n<p>&nbsp;<\/p>\n<blockquote><p>Podr\u00e1n acercarse, acompa\u00f1ados y acompa\u00f1adas de un adulto o adulta responsable, sin turno ni inscripci\u00f3n previa a cualquier vacunatorio pedi\u00e1trico, informaron desde el Ministerio de Salud bonaerense.\u00a0As\u00ed, la vacunaci\u00f3n ser\u00e1 \u201clibre y federal\u201d \u2013tambi\u00e9n pueden vacunarse desde otras provincias\u2013 para toda la poblaci\u00f3n desde los 6 meses.<\/p><\/blockquote>\n<p>&nbsp;<\/p>\n<p>Cabe recordar que la Provincia de Buenos Aires comenz\u00f3 hace poco m\u00e1s de un mes a inscribir a ni\u00f1os y ni\u00f1as de dicha franja etaria, quienes todav\u00eda no hab\u00edan sido alcanzados por la campa\u00f1a de inmunizaci\u00f3n. <strong>Se trata de un universo conformado por 500 mil bonaerenses.<\/strong><\/p>\n<p>&nbsp;<\/p>\n<p>Argentina es uno de los primeros pa\u00edses del mundo en incorporar a esta franja etaria a la estrategia de vacunaci\u00f3n contra la Covid-19, cuando las autoridades sanitarias afirman que<strong> el n\u00famero de casos est\u00e1 aumentando<\/strong> a expensas de esta poblaci\u00f3n susceptible, que a\u00fan no se inmuniz\u00f3.<\/p>\n<p>&nbsp;<\/p>\n<blockquote><p>El ministro de Salud Bonaerense, Nicol\u00e1s Kreplak, explic\u00f3 que \u201ces un paso muy importante porque sabemos que la vacuna es la \u00fanica herramienta para poder seguir dando vuelta la p\u00e1gina en esta pandemia y que sigue mejorando la situaci\u00f3n en funci\u00f3n de la respuesta a los cuidados y vacunas que nuestro pueblo ha llevado adelante\u201d.<\/p><\/blockquote>\n<p>&nbsp;<\/p>\n<p>Fuente: <em>Agencia DIB<\/em><\/p>\n<p>&nbsp;<\/p>\n","protected":false},"excerpt":{"rendered":"<p>La medida regir\u00e1 desde el pr\u00f3ximo lunes. Se estim\u00f3 que son 500 mil los chicos de esa franja etaria que<\/p>\n","protected":false},"author":4,"featured_media":63327,"comment_status":"closed","ping_status":"closed","sticky":false,"template":"","format":"standard","meta":{"_jetpack_memberships_contains_paid_content":false,"footnotes":""},"categories":[16,1],"tags":[],"class_list":["post-63326","post","type-post","status-publish","format-standard","has-post-thumbnail","hentry","category-covid-19","category-portada"],"jetpack_featured_media_url":"https:\/\/i0.wp.com\/cdnoticias.com\/wp-content\/uploads\/2022\/08\/DIB-vacunacion-ninos.jpg?fit=1024%2C682&ssl=1","jetpack_sharing_enabled":true,"_links":{"self":[{"href":"https:\/\/cdnoticias.com\/index.php\/wp-json\/wp\/v2\/posts\/63326","targetHints":{"allow":["GET"]}}],"collection":[{"href":"https:\/\/cdnoticias.com\/index.php\/wp-json\/wp\/v2\/posts"}],"about":[{"href":"https:\/\/cdnoticias.com\/index.php\/wp-json\/wp\/v2\/types\/post"}],"author":[{"embeddable":true,"href":"https:\/\/cdnoticias.com\/index.php\/wp-json\/wp\/v2\/users\/4"}],"replies":[{"embeddable":true,"href":"https:\/\/cdnoticias.com\/index.php\/wp-json\/wp\/v2\/comments?post=63326"}],"version-history":[{"count":0,"href":"https:\/\/cdnoticias.com\/index.php\/wp-json\/wp\/v2\/posts\/63326\/revisions"}],"wp:featuredmedia":[{"embeddable":true,"href":"https:\/\/cdnoticias.com\/index.php\/wp-json\/wp\/v2\/media\/63327"}],"wp:attachment":[{"href":"https:\/\/cdnoticias.com\/index.php\/wp-json\/wp\/v2\/media?parent=63326"}],"wp:term":[{"taxonomy":"category","embeddable":true,"href":"https:\/\/cdnoticias.com\/index.php\/wp-json\/wp\/v2\/categories?post=63326"},{"taxonomy":"post_tag","embeddable":true,"href":"https:\/\/cdnoticias.com\/index.php\/wp-json\/wp\/v2\/tags?post=63326"}],"curies":[{"name":"wp","href":"https:\/\/api.w.org\/{rel}","templated":true}]}}