{"id":63280,"date":"2022-08-25T19:30:24","date_gmt":"2022-08-25T22:30:24","guid":{"rendered":"https:\/\/www.centraldenoticias.com.ar\/?p=63280"},"modified":"2022-08-25T19:30:24","modified_gmt":"2022-08-25T22:30:24","slug":"el-presidente-revelo-que-lo-amenazaron-de-muerte","status":"publish","type":"post","link":"https:\/\/cdnoticias.com\/index.php\/2022\/08\/25\/el-presidente-revelo-que-lo-amenazaron-de-muerte\/","title":{"rendered":"El Presidente revel\u00f3 que lo amenazaron de muerte"},"content":{"rendered":"<div class=\"td_block_wrap tdb_single_subtitle tdi_72 td-pb-border-top td_block_template_1\" data-td-block-uid=\"tdi_72\">\n<div class=\"tdb-block-inner td-fix-index\">\n<p>La intimidaci\u00f3n es investigada por la Polic\u00eda Federal. Apunt\u00f3 contra la \u201cl\u00f3gica libertaria\u201d.<\/p>\n<\/div>\n<\/div>\n<p><!--more--><\/p>\n<hr \/>\n<div data-td-block-uid=\"tdi_73\"><\/div>\n<div data-td-block-uid=\"tdi_73\">\n<p>El <strong>presidente Alberto Fern\u00e1ndez<\/strong> revel\u00f3 este jueves que <strong>recibi\u00f3 una amenaza de muerte<\/strong> que ahora est\u00e1 <strong>investigando la Polic\u00eda Federal,<\/strong> y <strong>apunt\u00f3 contra la \u201cl\u00f3gica libertaria\u201d<\/strong> por distintos hechos de violencia.<\/p>\n<p>&nbsp;<\/p>\n<p>\u201cHay que tener cuidado. <strong>Todos recibimos amenazas. Yo tambi\u00e9n<\/strong>\u201d, se\u00f1al\u00f3 el Presidente en di\u00e1logo con El Destape Radio. \u201c\u00bfVos recibiste amenazas de muerte?\u201d, le consult\u00f3 el periodista Roberto Navarro. \u201cS\u00ed\u201d, respondi\u00f3 Fern\u00e1ndez. Sin embargo <strong>evit\u00f3 dar detalles<\/strong> <strong>por temor a \u201cestar interfiriendo en la investigaci\u00f3n\u201d<\/strong> en la que <strong>\u201cest\u00e1 trabajando la Polic\u00eda Federal\u201d.<\/strong><\/p>\n<p>&nbsp;<\/p>\n<p>Adem\u00e1s dijo que <strong>\u201cno es la primera vez<\/strong>\u201d que lo intimidan y lo vincul\u00f3 a una \u201cl\u00f3gica libertaria\u201d. \u201c<strong>Tampoco me preocupo mucho\u201d<\/strong>, asegur\u00f3. El Presidente consider\u00f3 que \u201cla democracia exige un nivel de convivencia que nosotros debemos respetar\u201d y que eso \u201cempieza por no insultarnos, por no maltratarnos, por no denotarnos entre nosotros\u201d.<\/p>\n<p>&nbsp;<\/p>\n<p><strong>Fern\u00e1ndez apunt\u00f3 contra \u201clos llamados libertarios\u201d.<\/strong> \u201cLo que estamos viendo es un<strong> caudal de un grupo de gente, de ataques, de agravios, de violencia f\u00edsica que es insostenible<\/strong>\u201d, asegur\u00f3.<\/p>\n<p>&nbsp;<\/p>\n<p>Adem\u00e1s agreg\u00f3 que &#8220;<strong>van y dejan bolsas simulando que adentro hay cuerpos humanos. O las cuelgan de las rejas de la Casa Rosada<\/strong>. O patean los autos de los funcionarios <strong>\u00bfQu\u00e9 tipo de libertad est\u00e1n promoviendo?\u201d.<\/strong><\/p>\n<p>&nbsp;<\/p>\n<p>El Presidente tambi\u00e9n consider\u00f3 que los fiscales podr\u00edan \u201cactuar\u201d ante estos hechos porque <strong>\u201chay un delito que es incitaci\u00f3n a la violencia\u201d<\/strong> y \u201ctodo eso son contravenciones\u201d.<\/p>\n<p>&nbsp;<\/p>\n<p>Por \u00faltimo consider\u00f3 que \u201c<strong>hay que terminar con esos discursos\u201d<\/strong> que muchas veces \u201cterminan siendo justificados por cierto sector de la prensa\u201d.<\/p>\n<\/div>\n<p>&nbsp;<\/p>\n<p><em>Fuente: DIB<\/em><\/p>\n","protected":false},"excerpt":{"rendered":"<p>La intimidaci\u00f3n es investigada por la Polic\u00eda Federal. Apunt\u00f3 contra la \u201cl\u00f3gica libertaria\u201d.<\/p>\n","protected":false},"author":6,"featured_media":63281,"comment_status":"closed","ping_status":"closed","sticky":false,"template":"","format":"standard","meta":{"_jetpack_memberships_contains_paid_content":false,"footnotes":""},"categories":[6,1],"tags":[],"class_list":["post-63280","post","type-post","status-publish","format-standard","has-post-thumbnail","hentry","category-nacionales","category-portada"],"jetpack_featured_media_url":"https:\/\/i0.wp.com\/cdnoticias.com\/wp-content\/uploads\/2022\/08\/alberto-gesto-1-696x490-1.jpg?fit=696%2C490&ssl=1","jetpack_sharing_enabled":true,"_links":{"self":[{"href":"https:\/\/cdnoticias.com\/index.php\/wp-json\/wp\/v2\/posts\/63280","targetHints":{"allow":["GET"]}}],"collection":[{"href":"https:\/\/cdnoticias.com\/index.php\/wp-json\/wp\/v2\/posts"}],"about":[{"href":"https:\/\/cdnoticias.com\/index.php\/wp-json\/wp\/v2\/types\/post"}],"author":[{"embeddable":true,"href":"https:\/\/cdnoticias.com\/index.php\/wp-json\/wp\/v2\/users\/6"}],"replies":[{"embeddable":true,"href":"https:\/\/cdnoticias.com\/index.php\/wp-json\/wp\/v2\/comments?post=63280"}],"version-history":[{"count":0,"href":"https:\/\/cdnoticias.com\/index.php\/wp-json\/wp\/v2\/posts\/63280\/revisions"}],"wp:featuredmedia":[{"embeddable":true,"href":"https:\/\/cdnoticias.com\/index.php\/wp-json\/wp\/v2\/media\/63281"}],"wp:attachment":[{"href":"https:\/\/cdnoticias.com\/index.php\/wp-json\/wp\/v2\/media?parent=63280"}],"wp:term":[{"taxonomy":"category","embeddable":true,"href":"https:\/\/cdnoticias.com\/index.php\/wp-json\/wp\/v2\/categories?post=63280"},{"taxonomy":"post_tag","embeddable":true,"href":"https:\/\/cdnoticias.com\/index.php\/wp-json\/wp\/v2\/tags?post=63280"}],"curies":[{"name":"wp","href":"https:\/\/api.w.org\/{rel}","templated":true}]}}