{"id":63272,"date":"2022-09-04T14:30:24","date_gmt":"2022-09-04T17:30:24","guid":{"rendered":"https:\/\/www.centraldenoticias.com.ar\/?p=63272"},"modified":"2022-09-04T14:30:24","modified_gmt":"2022-09-04T17:30:24","slug":"el-quirofano-veterinario-movil-atendera-en-el-barrio-pueblo-nuevo","status":"publish","type":"post","link":"https:\/\/cdnoticias.com\/index.php\/2022\/09\/04\/el-quirofano-veterinario-movil-atendera-en-el-barrio-pueblo-nuevo\/","title":{"rendered":"El Quir\u00f3fano Veterinario M\u00f3vil atender\u00e1 en el barrio Pueblo Nuevo"},"content":{"rendered":"<p>El servicio se brindar\u00e1 desde el lunes 5 de septiembre. All\u00ed se llevaran a cabo esterilizaciones quir\u00fargicas caninas y felinas. <!--more--><\/p>\n<hr \/>\n<p>&nbsp;<\/p>\n<p>Desde la <strong>Direcci\u00f3n de Bromatolog\u00eda<\/strong> Municipal se inform\u00f3 cu\u00e1l ser\u00e1 la recorrida del<strong> Quir\u00f3fano Veterinario M\u00f3vil<\/strong> durante el venidero mes de septiembre.<\/p>\n<p>&nbsp;<\/p>\n<p>En ese sentido, se detall\u00f3 que durante la primera mitad de septiembre las<strong> esterilizaciones quir\u00fargicas caninas y felinas<\/strong> <strong>se llevar\u00e1n a cabo en el barrio Pueblo Nuevo<\/strong>, m\u00e1s precisamente en el Sal\u00f3n de Usos M\u00faltiples de la Sociedad de Fomento ubicada sobre <strong>Maip\u00fa 2848.<\/strong><\/p>\n<p>&nbsp;<\/p>\n<blockquote><p>El servicio se brindar\u00e1 <strong>desde el lunes 5 al viernes 9,<\/strong> y<strong> desde el lunes 12 al viernes 16 de septiembre<\/strong>, siempre en el <strong>horario de 8:30 a 12:00. <\/strong><\/p><\/blockquote>\n<p>&nbsp;<\/p>\n<p>Ser\u00e1 <strong>exclusivo para vecinos y vecinas de ese punto de la ciudad,<\/strong> quienes deber\u00e1n <strong>requerir turno previamente<\/strong> a trav\u00e9s de un mensaje de WhatsApp a la L\u00ednea Interactiva Municipal, <strong>2284229029.<\/strong><\/p>\n<p>&nbsp;<\/p>\n<p>&nbsp;<\/p>\n<p>&nbsp;<\/p>\n","protected":false},"excerpt":{"rendered":"<p>El servicio se brindar\u00e1 desde el lunes 5 de septiembre. All\u00ed se llevaran a cabo esterilizaciones quir\u00fargicas caninas y felinas.<\/p>\n","protected":false},"author":6,"featured_media":0,"comment_status":"closed","ping_status":"closed","sticky":false,"template":"","format":"standard","meta":{"_jetpack_memberships_contains_paid_content":false,"footnotes":""},"categories":[5,1],"tags":[],"class_list":["post-63272","post","type-post","status-publish","format-standard","hentry","category-informacion-general","category-portada"],"jetpack_featured_media_url":"","jetpack_sharing_enabled":true,"_links":{"self":[{"href":"https:\/\/cdnoticias.com\/index.php\/wp-json\/wp\/v2\/posts\/63272","targetHints":{"allow":["GET"]}}],"collection":[{"href":"https:\/\/cdnoticias.com\/index.php\/wp-json\/wp\/v2\/posts"}],"about":[{"href":"https:\/\/cdnoticias.com\/index.php\/wp-json\/wp\/v2\/types\/post"}],"author":[{"embeddable":true,"href":"https:\/\/cdnoticias.com\/index.php\/wp-json\/wp\/v2\/users\/6"}],"replies":[{"embeddable":true,"href":"https:\/\/cdnoticias.com\/index.php\/wp-json\/wp\/v2\/comments?post=63272"}],"version-history":[{"count":0,"href":"https:\/\/cdnoticias.com\/index.php\/wp-json\/wp\/v2\/posts\/63272\/revisions"}],"wp:attachment":[{"href":"https:\/\/cdnoticias.com\/index.php\/wp-json\/wp\/v2\/media?parent=63272"}],"wp:term":[{"taxonomy":"category","embeddable":true,"href":"https:\/\/cdnoticias.com\/index.php\/wp-json\/wp\/v2\/categories?post=63272"},{"taxonomy":"post_tag","embeddable":true,"href":"https:\/\/cdnoticias.com\/index.php\/wp-json\/wp\/v2\/tags?post=63272"}],"curies":[{"name":"wp","href":"https:\/\/api.w.org\/{rel}","templated":true}]}}