{"id":63264,"date":"2022-08-25T18:30:04","date_gmt":"2022-08-25T21:30:04","guid":{"rendered":"https:\/\/www.centraldenoticias.com.ar\/?p=63264"},"modified":"2022-08-25T18:30:04","modified_gmt":"2022-08-25T21:30:04","slug":"charlas-talleres-y-exposiciones-en-las-primeras-jornadas-de-la-semana-de-la-extension","status":"publish","type":"post","link":"https:\/\/cdnoticias.com\/index.php\/2022\/08\/25\/charlas-talleres-y-exposiciones-en-las-primeras-jornadas-de-la-semana-de-la-extension\/","title":{"rendered":"Charlas, talleres y exposiciones en las primeras jornadas de la Semana de la Extensi\u00f3n"},"content":{"rendered":"<p>Se prev\u00e9 un gran encuentro regional para este jueves 25 y viernes 26 en el Centro Cultural Universitario de Tandil.<!--more--><\/p>\n<hr \/>\n<p>&nbsp;<\/p>\n<p>Por <strong>primera vez<\/strong> se lleva adelante en las distintas sedes de la Universidad Nacional del Centro de la Provincia de Buenos Aires la <strong>Semana de la Extensi\u00f3n,<\/strong> una propuesta destinada a <strong>poner en valor la vinculaci\u00f3n de la universidad con la comunidad.<\/strong><\/p>\n<p>&nbsp;<\/p>\n<p><strong>En Olavarr\u00eda, la mayor\u00eda de las actividades se llevaron adelante entre el lunes y el martes,<\/strong> mientras que a la par se concretaron otras propuestas en las sedes de Tandil, Azul y Quequ\u00e9n. Para el cierre se prev\u00e9 un<strong> gran encuentro regional<\/strong> para este jueves 25 y viernes 26 en el <strong>Centro Cultural Universitario de Tandil.<\/strong><\/p>\n<p>&nbsp;<\/p>\n<p>La apertura se concret\u00f3 en el Edificio de Aulas Comunes del Complejo Universitario local el lunes 22 por la ma\u00f1ana, donde se expusieron los p\u00f3sters y videos realizados por parte de extensionistas de las distintas unidades acad\u00e9micas.<\/p>\n<p>&nbsp;<\/p>\n<p>Estuvieron presentes por la FACSO, la vicedecana Dra. Mar\u00eda Luz Endere y el Secretario de Extensi\u00f3n, Bienestar y Transferencia, Lic. Nicol\u00e1s Casado; por FIO la decana Ing. Mar\u00eda Peralta; el vicedecano Ing. Oscar Cabrera, y la Secretar\u00eda de Extensi\u00f3n, Ing. Gabriela Huls; y por Salud, la vicedecana Lic. Bettina Bernardelli.<\/p>\n<p>&nbsp;<\/p>\n<p><img data-recalc-dims=\"1\" loading=\"lazy\" decoding=\"async\" class=\"aligncenter wp-image-63269 size-large\" src=\"https:\/\/i0.wp.com\/cdnoticias.com\/wp-content\/uploads\/2022\/08\/Semana-de-la-Extension-Olav-2.jpg?resize=800%2C507&#038;ssl=1\" alt=\"\" width=\"800\" height=\"507\" srcset=\"https:\/\/i0.wp.com\/cdnoticias.com\/wp-content\/uploads\/2022\/08\/Semana-de-la-Extension-Olav-2.jpg?resize=1024%2C649&amp;ssl=1 1024w, https:\/\/i0.wp.com\/cdnoticias.com\/wp-content\/uploads\/2022\/08\/Semana-de-la-Extension-Olav-2.jpg?resize=300%2C190&amp;ssl=1 300w, https:\/\/i0.wp.com\/cdnoticias.com\/wp-content\/uploads\/2022\/08\/Semana-de-la-Extension-Olav-2.jpg?resize=768%2C487&amp;ssl=1 768w, https:\/\/i0.wp.com\/cdnoticias.com\/wp-content\/uploads\/2022\/08\/Semana-de-la-Extension-Olav-2.jpg?w=1295&amp;ssl=1 1295w\" sizes=\"auto, (max-width: 800px) 100vw, 800px\" \/><\/p>\n<p>&nbsp;<\/p>\n<p>En el encuentro se destac\u00f3 la posibilidad de gestar este tipo de experiencias donde la extensi\u00f3n es protagonista, lo que permiti\u00f3 visibilizar las propuestas que se llevan adelante y se resalt\u00f3 la labor que se realiza junto a la comunidad. Posteriormente se llev\u00f3 adelante un taller con el objetivo de socializar y encontrar puntos en com\u00fan con otros proyectos de extensi\u00f3n, en el que participaron representantes de Sociales, FIO y Ciencias de la Salud.<\/p>\n<p>&nbsp;<\/p>\n<p>El lunes por la tarde Soledad Restivo (FACSO), ofreci\u00f3 el conversatorio denominado <strong>Comunicaci\u00f3n y Derechos Humanos<\/strong>. Mientras que en el Punto de Extensi\u00f3n Territorial de la Sociedad de Fomento Villa Mail\u00edn se estableci\u00f3 una <strong>Posta de Salud. <\/strong>En ambas jornadas estuvieron en el hall del Edificio de Aulas Comunes los y las productores\/as locales de econom\u00eda popular que forman parte de La Posta.<\/p>\n<p>&nbsp;<\/p>\n<p><strong>M\u00e1s propuestas<\/strong><\/p>\n<p>&nbsp;<\/p>\n<p>El martes, la primera propuesta se vincul\u00f3 al desarrollo de Pr\u00e1cticas Socioeducativas y actividades de Formaci\u00f3n Social y Human\u00edstica en cada una de las unidades acad\u00e9micas, donde se realiz\u00f3 un intercambio acerca de las experiencias en las facultades y carreras de este tipo de instancias.<\/p>\n<p>&nbsp;<\/p>\n<p>Por la tarde se llev\u00f3 adelante en el Centro Cultural Universitario el<strong> taller \u201cDes-pliegues, mapas y sentidos\u201d<\/strong>, un espacio de creaci\u00f3n de cartograf\u00edas culturales colaborativas. Fue coordinado por Mar\u00eda Chiponi, Mariela Daneri, Luc\u00eda Farrugia y Mariana Kurchan, integrantes de la Direcci\u00f3n Socioeducativa en Contextos de Encierro del \u00c1rea de Derechos Humanos de la Universidad Nacional de Rosario y de la Secretar\u00eda de Extensi\u00f3n y Vinculaci\u00f3n de la Facultad de Ciencias Pol\u00edticas de la UNR.<\/p>\n<p>&nbsp;<\/p>\n<p><img data-recalc-dims=\"1\" loading=\"lazy\" decoding=\"async\" class=\"aligncenter wp-image-63270 size-large\" src=\"https:\/\/i0.wp.com\/cdnoticias.com\/wp-content\/uploads\/2022\/08\/Semana-de-la-Extension-Olav-5.jpg?resize=800%2C484&#038;ssl=1\" alt=\"\" width=\"800\" height=\"484\" srcset=\"https:\/\/i0.wp.com\/cdnoticias.com\/wp-content\/uploads\/2022\/08\/Semana-de-la-Extension-Olav-5.jpg?resize=1024%2C619&amp;ssl=1 1024w, https:\/\/i0.wp.com\/cdnoticias.com\/wp-content\/uploads\/2022\/08\/Semana-de-la-Extension-Olav-5.jpg?resize=300%2C181&amp;ssl=1 300w, https:\/\/i0.wp.com\/cdnoticias.com\/wp-content\/uploads\/2022\/08\/Semana-de-la-Extension-Olav-5.jpg?resize=768%2C465&amp;ssl=1 768w, https:\/\/i0.wp.com\/cdnoticias.com\/wp-content\/uploads\/2022\/08\/Semana-de-la-Extension-Olav-5.jpg?w=1448&amp;ssl=1 1448w\" sizes=\"auto, (max-width: 800px) 100vw, 800px\" \/><\/p>\n<p>&nbsp;<\/p>\n<p>Con la participaci\u00f3n de un diverso p\u00fablico, representado principalmente por estudiantes del nivel terciario del <strong>Profesorado en Artes Visuales de la Escuela de Artes Visuales \u201cMiguel A. Galgano\u201d<\/strong>, las talleristas invitaron a quienes estaban presentes a reflexionar acerca de \u201clos oficios del lazo\u201d (Graciela Frigerio) y el impacto en sus vidas cotidianas y sus pr\u00e1cticas. Al cierre, plasmaron estas ideas en cartograf\u00edas singulares que luego se unieron con las otras producciones.<\/p>\n<p>&nbsp;<\/p>\n<p>Adem\u00e1s, ese mismo martes se realiz\u00f3 un <strong>taller de RCP en el Punto de Extensi\u00f3n Territorial del CAPS N\u00b0 22 del Servicio Territorial N\u00b0 6<\/strong>. Asimismo se concret\u00f3 el segundo encuentro en el Punto de Extensi\u00f3n Territorial del barrio Villa Aurora, en el que participaron referentes de distintas instituciones barriales y estatales.<\/p>\n<p>&nbsp;<\/p>\n<p>El <strong>cronograma de actividades en Olavarr\u00eda cerr\u00f3 el mi\u00e9rcoles <\/strong>con la charla de Gustavo Mar\u00edn titulada \u201c\u00bfC\u00f3mo integramos la extensi\u00f3n y la investigaci\u00f3n en nuestra pr\u00e1ctica acad\u00e9mica?\u201d. El encuentro se llev\u00f3 adelante en el SUM de la Facultad de Ciencias de la Salud.<\/p>\n<p>&nbsp;<\/p>\n<p>&nbsp;<\/p>\n<p>&nbsp;<\/p>\n<p>&nbsp;<\/p>\n<p>&nbsp;<\/p>\n","protected":false},"excerpt":{"rendered":"<p>Se prev\u00e9 un gran encuentro regional para este jueves 25 y viernes 26 en el Centro Cultural Universitario de Tandil.<\/p>\n","protected":false},"author":6,"featured_media":63265,"comment_status":"closed","ping_status":"closed","sticky":false,"template":"","format":"standard","meta":{"_jetpack_memberships_contains_paid_content":false,"footnotes":""},"categories":[5,1],"tags":[],"class_list":["post-63264","post","type-post","status-publish","format-standard","has-post-thumbnail","hentry","category-informacion-general","category-portada"],"jetpack_featured_media_url":"https:\/\/i0.wp.com\/cdnoticias.com\/wp-content\/uploads\/2022\/08\/Semana-de-la-Extension-Olav-1.jpg?fit=1409%2C888&ssl=1","jetpack_sharing_enabled":true,"_links":{"self":[{"href":"https:\/\/cdnoticias.com\/index.php\/wp-json\/wp\/v2\/posts\/63264","targetHints":{"allow":["GET"]}}],"collection":[{"href":"https:\/\/cdnoticias.com\/index.php\/wp-json\/wp\/v2\/posts"}],"about":[{"href":"https:\/\/cdnoticias.com\/index.php\/wp-json\/wp\/v2\/types\/post"}],"author":[{"embeddable":true,"href":"https:\/\/cdnoticias.com\/index.php\/wp-json\/wp\/v2\/users\/6"}],"replies":[{"embeddable":true,"href":"https:\/\/cdnoticias.com\/index.php\/wp-json\/wp\/v2\/comments?post=63264"}],"version-history":[{"count":0,"href":"https:\/\/cdnoticias.com\/index.php\/wp-json\/wp\/v2\/posts\/63264\/revisions"}],"wp:featuredmedia":[{"embeddable":true,"href":"https:\/\/cdnoticias.com\/index.php\/wp-json\/wp\/v2\/media\/63265"}],"wp:attachment":[{"href":"https:\/\/cdnoticias.com\/index.php\/wp-json\/wp\/v2\/media?parent=63264"}],"wp:term":[{"taxonomy":"category","embeddable":true,"href":"https:\/\/cdnoticias.com\/index.php\/wp-json\/wp\/v2\/categories?post=63264"},{"taxonomy":"post_tag","embeddable":true,"href":"https:\/\/cdnoticias.com\/index.php\/wp-json\/wp\/v2\/tags?post=63264"}],"curies":[{"name":"wp","href":"https:\/\/api.w.org\/{rel}","templated":true}]}}