{"id":63252,"date":"2022-08-25T17:26:21","date_gmt":"2022-08-25T20:26:21","guid":{"rendered":"https:\/\/www.centraldenoticias.com.ar\/?p=63252"},"modified":"2022-08-25T17:26:21","modified_gmt":"2022-08-25T20:26:21","slug":"amplio-respaldo-de-sindicatos-y-gremios-locales-a-cristina-fernandez-de-kirchner","status":"publish","type":"post","link":"https:\/\/cdnoticias.com\/index.php\/2022\/08\/25\/amplio-respaldo-de-sindicatos-y-gremios-locales-a-cristina-fernandez-de-kirchner\/","title":{"rendered":"Amplio respaldo de sindicatos y gremios locales a Cristina Fern\u00e1ndez de Kirchner"},"content":{"rendered":"<p>Representantes de entidades se reunieron en el PJ y armaron un comunicado en el que apoyaron a la vicepresidenta \u201cante la embestida judicial y medi\u00e1tica\u201d.<!--more--><\/p>\n<hr \/>\n<p>Este mi\u00e9rcoles por la tarde en la sede del Partido Justicialista, <strong>representantes de las diferentes entidades sindicales y gremiales se reunieron y elaboraron un comunicado en apoyo a la actual vicepresidenta ante \u201cla embestida judicial y medi\u00e1tica\u201d.<\/strong><\/p>\n<p>&nbsp;<\/p>\n<p>El comunicado se\u00f1ala que <em>\u201cla embestida judicial y medi\u00e1tica contra la vicepresidenta Cristina Fern\u00e1ndez de Kirchner ya est\u00e1 en marcha, y como bien dijo ella, es tambi\u00e9n contra el peronismo que es quien representa los intereses de los trabajadores\u201d.<\/em> Opinaron que la causa Vialidad<em><strong> \u201ccarece de pruebas para culpar a la vicepresidenta, por el contrario, hay una gran cantidad de expedientes y declaraciones de los testigos que jueces y fiscales se han encargado de ocultar\u201d.<\/strong><\/em><\/p>\n<p>&nbsp;<\/p>\n<p><img data-recalc-dims=\"1\" loading=\"lazy\" decoding=\"async\" class=\"alignnone size-large wp-image-63254\" src=\"https:\/\/i0.wp.com\/cdnoticias.com\/wp-content\/uploads\/2022\/08\/WhatsApp-Image-2022-08-25-at-1.57.53-PM.jpeg?resize=800%2C424&#038;ssl=1\" alt=\"\" width=\"800\" height=\"424\" srcset=\"https:\/\/i0.wp.com\/cdnoticias.com\/wp-content\/uploads\/2022\/08\/WhatsApp-Image-2022-08-25-at-1.57.53-PM.jpeg?resize=1024%2C543&amp;ssl=1 1024w, https:\/\/i0.wp.com\/cdnoticias.com\/wp-content\/uploads\/2022\/08\/WhatsApp-Image-2022-08-25-at-1.57.53-PM.jpeg?resize=300%2C159&amp;ssl=1 300w, https:\/\/i0.wp.com\/cdnoticias.com\/wp-content\/uploads\/2022\/08\/WhatsApp-Image-2022-08-25-at-1.57.53-PM.jpeg?resize=768%2C407&amp;ssl=1 768w, https:\/\/i0.wp.com\/cdnoticias.com\/wp-content\/uploads\/2022\/08\/WhatsApp-Image-2022-08-25-at-1.57.53-PM.jpeg?w=1280&amp;ssl=1 1280w\" sizes=\"auto, (max-width: 800px) 100vw, 800px\" \/><\/p>\n<p>&nbsp;<\/p>\n<blockquote><p>\u201cLos representantes de los gremios abajo firmantes nos solidarizamos y nos ponemos a disposici\u00f3n para acompa\u00f1arla y defenderla contra el atropello que est\u00e1n cometiendo\u201d.<\/p><\/blockquote>\n<p>&nbsp;<\/p>\n<p>Para cerrar, indicaron que <strong><em>\u201cestamos ante un nuevo intento de proscripci\u00f3n del peronismo pero si algo hemos aprendido es que El pueblo no olvida a quien no lo traiciona\u201d.<\/em><\/strong><\/p>\n<p>&nbsp;<\/p>\n<p>Adhirieron al comunicado los siguientes sindicatos:<\/p>\n<p>&nbsp;<\/p>\n<p>-Sindicato Qu\u00edmico del Personal de F\u00e1bricas de P\u00f3lvora y Explosivos de Olavarr\u00eda y Azul.<\/p>\n<p>-S.O.I.P.C (Sindicato Obrero de la Industria del Papel y Cart\u00f3n)<\/p>\n<p>-STIGAS (Sindicato Trabajadores de la Industria del Gas)<\/p>\n<p>-Sindicato de Luz y Fuerza Olavarr\u00eda<\/p>\n<p>-Uni\u00f3n Ferroviaria<\/p>\n<p>-S.O.I.VA (Sindicato Obrero de la Industria y Afines)<\/p>\n<p>-AOMA<\/p>\n<p>-SUTERYH REGI\u00d3N CTRO. PCIA. BS. AS.<\/p>\n<p>-Partido Justicialista<\/p>\n<p>-SOECO (Sindicato de Obreros y Empleados Ceramistas de Olavarr\u00eda)<\/p>\n<p>-S.M.A.T.A. (Sindicato de Mec\u00e1nicos y Afines del Transporte Automotor)<\/p>\n<p>-Agrupaci\u00f3n Arturo Jauretche del Sindicato Argentino de Docentes Privados<\/p>\n<p>-CECO (Centro Empleados de Comercio)<\/p>\n<p>-SATIF (Sindicato Argentino de Trabajadores de la Industria Fideera)<\/p>\n<p>-SUETRA (Sindicato Unido de Educadores T\u00e9cnicos de la Rep\u00fablica Argentina)<\/p>\n<p>-CTA (Central de Trabajadores de la Argentina)<\/p>\n<p>-SUTEBA (Sindicato Unificado de Trabajadores de la Educaci\u00f3n de Buenos Aires)<\/p>\n<p>-UPCNBA (Uni\u00f3n Personal y Civil de la Naci\u00f3n Seccional PBA).<\/p>\n","protected":false},"excerpt":{"rendered":"<p>Representantes de entidades se reunieron en el PJ y armaron un comunicado en el que apoyaron a la vicepresidenta \u201cante<\/p>\n","protected":false},"author":2,"featured_media":63255,"comment_status":"closed","ping_status":"closed","sticky":false,"template":"","format":"standard","meta":{"_jetpack_memberships_contains_paid_content":false,"footnotes":""},"categories":[4,1],"tags":[],"class_list":["post-63252","post","type-post","status-publish","format-standard","has-post-thumbnail","hentry","category-politica","category-portada"],"jetpack_featured_media_url":"https:\/\/i0.wp.com\/cdnoticias.com\/wp-content\/uploads\/2022\/08\/WhatsApp-Image-2022-08-25-at-1.57.48-PM.jpeg?fit=1280%2C853&ssl=1","jetpack_sharing_enabled":true,"_links":{"self":[{"href":"https:\/\/cdnoticias.com\/index.php\/wp-json\/wp\/v2\/posts\/63252","targetHints":{"allow":["GET"]}}],"collection":[{"href":"https:\/\/cdnoticias.com\/index.php\/wp-json\/wp\/v2\/posts"}],"about":[{"href":"https:\/\/cdnoticias.com\/index.php\/wp-json\/wp\/v2\/types\/post"}],"author":[{"embeddable":true,"href":"https:\/\/cdnoticias.com\/index.php\/wp-json\/wp\/v2\/users\/2"}],"replies":[{"embeddable":true,"href":"https:\/\/cdnoticias.com\/index.php\/wp-json\/wp\/v2\/comments?post=63252"}],"version-history":[{"count":0,"href":"https:\/\/cdnoticias.com\/index.php\/wp-json\/wp\/v2\/posts\/63252\/revisions"}],"wp:featuredmedia":[{"embeddable":true,"href":"https:\/\/cdnoticias.com\/index.php\/wp-json\/wp\/v2\/media\/63255"}],"wp:attachment":[{"href":"https:\/\/cdnoticias.com\/index.php\/wp-json\/wp\/v2\/media?parent=63252"}],"wp:term":[{"taxonomy":"category","embeddable":true,"href":"https:\/\/cdnoticias.com\/index.php\/wp-json\/wp\/v2\/categories?post=63252"},{"taxonomy":"post_tag","embeddable":true,"href":"https:\/\/cdnoticias.com\/index.php\/wp-json\/wp\/v2\/tags?post=63252"}],"curies":[{"name":"wp","href":"https:\/\/api.w.org\/{rel}","templated":true}]}}