{"id":63243,"date":"2022-08-25T20:16:36","date_gmt":"2022-08-25T23:16:36","guid":{"rendered":"https:\/\/www.centraldenoticias.com.ar\/?p=63243"},"modified":"2022-08-25T21:00:13","modified_gmt":"2022-08-26T00:00:13","slug":"microcentro-otra-ciclista-herida-en-un-accidente","status":"publish","type":"post","link":"https:\/\/cdnoticias.com\/index.php\/2022\/08\/25\/microcentro-otra-ciclista-herida-en-un-accidente\/","title":{"rendered":"Microcentro: Otra ciclista herida en un accidente"},"content":{"rendered":"<p>Fue minutos antes del choque en la zona del Cors\u00f3dromo. Una joven fue trasladada al Hospital tras ser impactada por un auto. <!--more--><\/p>\n<hr \/>\n<p>Apenas cinco minutos antes del choque ocurrido en la zona del Cors\u00f3dromo Municipal, <strong>otra ciclista result\u00f3 herida en un accidente, en este caso en Microcentro, en el cruce de calles 9 de Julio y Dorrego.<\/strong><\/p>\n<p>&nbsp;<\/p>\n<blockquote class=\"wp-embedded-content\" data-secret=\"QLTrRssrAS\"><p><a href=\"https:\/\/cdnoticias.com\/index.php\/2022\/08\/25\/corsodromo-una-ciclista-resulto-con-heridas-tras-chocar-con-una-moto\/\">Cors\u00f3dromo: una ciclista result\u00f3 con heridas tras chocar con una moto<\/a><\/p><\/blockquote>\n<p><iframe loading=\"lazy\" class=\"wp-embedded-content\" sandbox=\"allow-scripts\" security=\"restricted\" style=\"position: absolute; clip: rect(1px, 1px, 1px, 1px);\" title=\"&#8220;Cors\u00f3dromo: una ciclista result\u00f3 con heridas tras chocar con una moto&#8221; &#8212; Central de Noticias | Olavarr\u00eda\" src=\"https:\/\/cdnoticias.com\/index.php\/2022\/08\/25\/corsodromo-una-ciclista-resulto-con-heridas-tras-chocar-con-una-moto\/embed\/#?secret=HHTj2hxQPa#?secret=QLTrRssrAS\" data-secret=\"QLTrRssrAS\" width=\"600\" height=\"338\" frameborder=\"0\" marginwidth=\"0\" marginheight=\"0\" scrolling=\"no\"><\/iframe><\/p>\n<p>&nbsp;<\/p>\n<p>Seg\u00fan se logr\u00f3 saber, <strong>la ciclista y el conductor de un Chevrolet Cruze \u201cno se vieron\u201d y se produjo el impacto pr\u00e1cticamente ya pasada la esquina, sobre calle 9 de Julio.<\/strong><\/p>\n<p>&nbsp;<\/p>\n<blockquote><p>Por precauci\u00f3n, la joven \u2013que result\u00f3 con algunos golpes- fue trasladada al Hospital Municipal en una ambulancia de SEM.<\/p><\/blockquote>\n<p>&nbsp;<\/p>\n<p><img data-recalc-dims=\"1\" loading=\"lazy\" decoding=\"async\" class=\"alignnone size-large wp-image-63244\" src=\"https:\/\/i0.wp.com\/cdnoticias.com\/wp-content\/uploads\/2022\/08\/WhatsApp-Image-2022-08-25-at-4.43.50-PM-1.jpeg?resize=800%2C600&#038;ssl=1\" alt=\"\" width=\"800\" height=\"600\" srcset=\"https:\/\/i0.wp.com\/cdnoticias.com\/wp-content\/uploads\/2022\/08\/WhatsApp-Image-2022-08-25-at-4.43.50-PM-1.jpeg?resize=1024%2C768&amp;ssl=1 1024w, https:\/\/i0.wp.com\/cdnoticias.com\/wp-content\/uploads\/2022\/08\/WhatsApp-Image-2022-08-25-at-4.43.50-PM-1.jpeg?resize=300%2C225&amp;ssl=1 300w, https:\/\/i0.wp.com\/cdnoticias.com\/wp-content\/uploads\/2022\/08\/WhatsApp-Image-2022-08-25-at-4.43.50-PM-1.jpeg?resize=768%2C576&amp;ssl=1 768w, https:\/\/i0.wp.com\/cdnoticias.com\/wp-content\/uploads\/2022\/08\/WhatsApp-Image-2022-08-25-at-4.43.50-PM-1.jpeg?w=1152&amp;ssl=1 1152w\" sizes=\"auto, (max-width: 800px) 100vw, 800px\" \/><\/p>\n<p>&nbsp;<\/p>\n<p>El tr\u00e1nsito se vio reducido por las dos calles pero se puede circular con precauci\u00f3n tanto por Dorrego como por 9 de Julio. Intervino, adem\u00e1s, el personal de Comando de Patrullas.<\/p>\n","protected":false},"excerpt":{"rendered":"<p>Fue minutos antes del choque en la zona del Cors\u00f3dromo. Una joven fue trasladada al Hospital tras ser impactada por<\/p>\n","protected":false},"author":2,"featured_media":63245,"comment_status":"closed","ping_status":"closed","sticky":false,"template":"","format":"standard","meta":{"_jetpack_memberships_contains_paid_content":false,"footnotes":""},"categories":[14,1],"tags":[],"class_list":["post-63243","post","type-post","status-publish","format-standard","has-post-thumbnail","hentry","category-policiales","category-portada"],"jetpack_featured_media_url":"https:\/\/i0.wp.com\/cdnoticias.com\/wp-content\/uploads\/2022\/08\/WhatsApp-Image-2022-08-25-at-4.43.50-PM.jpeg?fit=1152%2C864&ssl=1","jetpack_sharing_enabled":true,"_links":{"self":[{"href":"https:\/\/cdnoticias.com\/index.php\/wp-json\/wp\/v2\/posts\/63243","targetHints":{"allow":["GET"]}}],"collection":[{"href":"https:\/\/cdnoticias.com\/index.php\/wp-json\/wp\/v2\/posts"}],"about":[{"href":"https:\/\/cdnoticias.com\/index.php\/wp-json\/wp\/v2\/types\/post"}],"author":[{"embeddable":true,"href":"https:\/\/cdnoticias.com\/index.php\/wp-json\/wp\/v2\/users\/2"}],"replies":[{"embeddable":true,"href":"https:\/\/cdnoticias.com\/index.php\/wp-json\/wp\/v2\/comments?post=63243"}],"version-history":[{"count":0,"href":"https:\/\/cdnoticias.com\/index.php\/wp-json\/wp\/v2\/posts\/63243\/revisions"}],"wp:featuredmedia":[{"embeddable":true,"href":"https:\/\/cdnoticias.com\/index.php\/wp-json\/wp\/v2\/media\/63245"}],"wp:attachment":[{"href":"https:\/\/cdnoticias.com\/index.php\/wp-json\/wp\/v2\/media?parent=63243"}],"wp:term":[{"taxonomy":"category","embeddable":true,"href":"https:\/\/cdnoticias.com\/index.php\/wp-json\/wp\/v2\/categories?post=63243"},{"taxonomy":"post_tag","embeddable":true,"href":"https:\/\/cdnoticias.com\/index.php\/wp-json\/wp\/v2\/tags?post=63243"}],"curies":[{"name":"wp","href":"https:\/\/api.w.org\/{rel}","templated":true}]}}