{"id":63232,"date":"2022-08-25T14:34:52","date_gmt":"2022-08-25T17:34:52","guid":{"rendered":"https:\/\/www.centraldenoticias.com.ar\/?p=63232"},"modified":"2022-08-25T14:34:52","modified_gmt":"2022-08-25T17:34:52","slug":"robo-en-el-centro-huyo-en-remis-y-lo-aprehendieron-en-barrio-martin-fierro","status":"publish","type":"post","link":"https:\/\/cdnoticias.com\/index.php\/2022\/08\/25\/robo-en-el-centro-huyo-en-remis-y-lo-aprehendieron-en-barrio-martin-fierro\/","title":{"rendered":"Rob\u00f3 en el centro, huy\u00f3 en rem\u00eds y lo aprehendieron en barrio Mart\u00edn Fierro"},"content":{"rendered":"<p>Hab\u00eda sustra\u00eddo prendas de un comercio de Vicente L\u00f3pez al 3300. Intervino personal de Polic\u00eda Local y de Tr\u00e1nsito.<!--more--><\/p>\n<hr \/>\n<p><strong>Un hombre qued\u00f3 aprehendido tras haber robado de un comercio c\u00e9ntrico:<\/strong> huy\u00f3 en un rem\u00eds pero fue interceptado en el barrio Mart\u00edn Fierro.<\/p>\n<p>&nbsp;<\/p>\n<p>Se inform\u00f3 desde la Subsecretar\u00eda de Seguridad Municipal que<strong> los hechos se dieron alrededor del mediod\u00eda de este jueves<\/strong>.<\/p>\n<p>&nbsp;<\/p>\n<p><img data-recalc-dims=\"1\" loading=\"lazy\" decoding=\"async\" class=\"size-full wp-image-63236 aligncenter\" src=\"https:\/\/i0.wp.com\/cdnoticias.com\/wp-content\/uploads\/2022\/08\/robo-vicente-lopez-3000-D.jpg?resize=450%2C713&#038;ssl=1\" alt=\"\" width=\"450\" height=\"713\" srcset=\"https:\/\/i0.wp.com\/cdnoticias.com\/wp-content\/uploads\/2022\/08\/robo-vicente-lopez-3000-D.jpg?w=450&amp;ssl=1 450w, https:\/\/i0.wp.com\/cdnoticias.com\/wp-content\/uploads\/2022\/08\/robo-vicente-lopez-3000-D.jpg?resize=189%2C300&amp;ssl=1 189w\" sizes=\"auto, (max-width: 450px) 100vw, 450px\" \/><\/p>\n<p>&nbsp;<\/p>\n<p>Personal de moto-polic\u00edas de Polic\u00eda Local con apoyo de personal de Tr\u00e1nsito, tomaron conocimiento de que un hombre <strong>hab\u00eda sustra\u00eddo prendas de vestir de un local de Vicente L\u00f3pez al 3300<\/strong>. Asimismo, se inform\u00f3 que <strong>huy\u00f3 a pie<\/strong> en direcci\u00f3n a calle Sarmiento y que <strong>hab\u00eda tomado un rem\u00eds<\/strong> en 25 de Mayo y Sarmiento.<\/p>\n<p>&nbsp;<\/p>\n<p>Se organiz\u00f3 <strong>un operativo para dar con el rodado, lo cual se logr\u00f3 en Chiclana y Rendon<\/strong>.<\/p>\n<p>&nbsp;<\/p>\n<p><img data-recalc-dims=\"1\" loading=\"lazy\" decoding=\"async\" class=\"size-full wp-image-63235 aligncenter\" src=\"https:\/\/i0.wp.com\/cdnoticias.com\/wp-content\/uploads\/2022\/08\/robo-vicente-lopez-3000-c.jpg?resize=800%2C600&#038;ssl=1\" alt=\"\" width=\"800\" height=\"600\" srcset=\"https:\/\/i0.wp.com\/cdnoticias.com\/wp-content\/uploads\/2022\/08\/robo-vicente-lopez-3000-c.jpg?w=800&amp;ssl=1 800w, https:\/\/i0.wp.com\/cdnoticias.com\/wp-content\/uploads\/2022\/08\/robo-vicente-lopez-3000-c.jpg?resize=300%2C225&amp;ssl=1 300w, https:\/\/i0.wp.com\/cdnoticias.com\/wp-content\/uploads\/2022\/08\/robo-vicente-lopez-3000-c.jpg?resize=768%2C576&amp;ssl=1 768w\" sizes=\"auto, (max-width: 800px) 100vw, 800px\" \/><\/p>\n<p>&nbsp;<\/p>\n<p>All\u00ed fue aprehendido el acusado, y <strong>se recogieron las prendas sustra\u00eddas adem\u00e1s de otros elementos y dinero en efectivo<\/strong> que ten\u00eda en su poder.<\/p>\n<p>&nbsp;<\/p>\n<p>El acusado fue trasladado a la sede de Polic\u00eda Local y <strong>se dio intervenci\u00f3n a la UFI en turno<\/strong>.<\/p>\n<p>&nbsp;<\/p>\n<p>A su vez, se hizo saber que <strong>el hombre tiene antecedentes por delitos similares<\/strong> con robos a otros comercios de la ciudad de Olavarr\u00eda.<\/p>\n<p><img data-recalc-dims=\"1\" loading=\"lazy\" decoding=\"async\" class=\"size-full wp-image-63233 aligncenter\" src=\"https:\/\/i0.wp.com\/cdnoticias.com\/wp-content\/uploads\/2022\/08\/robo-vicente-lopez-3000-a.jpg?resize=800%2C445&#038;ssl=1\" alt=\"\" width=\"800\" height=\"445\" srcset=\"https:\/\/i0.wp.com\/cdnoticias.com\/wp-content\/uploads\/2022\/08\/robo-vicente-lopez-3000-a.jpg?w=800&amp;ssl=1 800w, https:\/\/i0.wp.com\/cdnoticias.com\/wp-content\/uploads\/2022\/08\/robo-vicente-lopez-3000-a.jpg?resize=300%2C167&amp;ssl=1 300w, https:\/\/i0.wp.com\/cdnoticias.com\/wp-content\/uploads\/2022\/08\/robo-vicente-lopez-3000-a.jpg?resize=768%2C427&amp;ssl=1 768w\" sizes=\"auto, (max-width: 800px) 100vw, 800px\" \/><\/p>\n<p>&nbsp;<\/p>\n","protected":false},"excerpt":{"rendered":"<p>Hab\u00eda sustra\u00eddo prendas de un comercio de Vicente L\u00f3pez al 3300. Intervino personal de Polic\u00eda Local y de Tr\u00e1nsito.<\/p>\n","protected":false},"author":4,"featured_media":63234,"comment_status":"closed","ping_status":"closed","sticky":false,"template":"","format":"standard","meta":{"_jetpack_memberships_contains_paid_content":false,"footnotes":""},"categories":[14,1],"tags":[],"class_list":["post-63232","post","type-post","status-publish","format-standard","has-post-thumbnail","hentry","category-policiales","category-portada"],"jetpack_featured_media_url":"https:\/\/i0.wp.com\/cdnoticias.com\/wp-content\/uploads\/2022\/08\/robo-vicente-lopez-3000-b.jpg?fit=800%2C445&ssl=1","jetpack_sharing_enabled":true,"_links":{"self":[{"href":"https:\/\/cdnoticias.com\/index.php\/wp-json\/wp\/v2\/posts\/63232","targetHints":{"allow":["GET"]}}],"collection":[{"href":"https:\/\/cdnoticias.com\/index.php\/wp-json\/wp\/v2\/posts"}],"about":[{"href":"https:\/\/cdnoticias.com\/index.php\/wp-json\/wp\/v2\/types\/post"}],"author":[{"embeddable":true,"href":"https:\/\/cdnoticias.com\/index.php\/wp-json\/wp\/v2\/users\/4"}],"replies":[{"embeddable":true,"href":"https:\/\/cdnoticias.com\/index.php\/wp-json\/wp\/v2\/comments?post=63232"}],"version-history":[{"count":0,"href":"https:\/\/cdnoticias.com\/index.php\/wp-json\/wp\/v2\/posts\/63232\/revisions"}],"wp:featuredmedia":[{"embeddable":true,"href":"https:\/\/cdnoticias.com\/index.php\/wp-json\/wp\/v2\/media\/63234"}],"wp:attachment":[{"href":"https:\/\/cdnoticias.com\/index.php\/wp-json\/wp\/v2\/media?parent=63232"}],"wp:term":[{"taxonomy":"category","embeddable":true,"href":"https:\/\/cdnoticias.com\/index.php\/wp-json\/wp\/v2\/categories?post=63232"},{"taxonomy":"post_tag","embeddable":true,"href":"https:\/\/cdnoticias.com\/index.php\/wp-json\/wp\/v2\/tags?post=63232"}],"curies":[{"name":"wp","href":"https:\/\/api.w.org\/{rel}","templated":true}]}}