{"id":6322,"date":"2020-11-12T17:16:23","date_gmt":"2020-11-12T20:16:23","guid":{"rendered":"http:\/\/www.centraldenoticias.com.ar\/?p=6322"},"modified":"2020-11-12T17:16:23","modified_gmt":"2020-11-12T20:16:23","slug":"nestor-oscar-guevara-toto-q-e-p-d","status":"publish","type":"post","link":"https:\/\/cdnoticias.com\/index.php\/2020\/11\/12\/nestor-oscar-guevara-toto-q-e-p-d\/","title":{"rendered":"N\u00e9stor Oscar Guevara \u201cToto\u201d (Q.E.P.D.)"},"content":{"rendered":"<p>Falleci\u00f3 en Olavarr\u00eda a los 78 a\u00f1os. Su compa\u00f1era Leonor Dumerauf; sus hijos Gabriel y Gustavo Guevara; sus hijas pol\u00edticas Elsa y Daniela; sus nietos Lautaro, Mateo, Octavio y Constanza; su nieta pol\u00edtica Agustina Larraza; su bisnieta Catalina; sus hermanos H\u00e9ctor Daniel, Rolando Vicente, Norma y Mabel Guevara; sus hermanos pol\u00edticos; sus sobrinos y dem\u00e1s deudos participan su fallecimiento.<\/p>\n<p>&nbsp;<\/p>\n<p>Sus restos ser\u00e1n inhumados en el cementerio Loma de Paz este viernes a las 8:30. Vecino de Barrio Sarmiento Norte. Nacido en Olavarr\u00eda. Jubilado Panadero.<\/p>\n","protected":false},"excerpt":{"rendered":"<p>Falleci\u00f3 en Olavarr\u00eda a los 78 a\u00f1os. Su compa\u00f1era Leonor Dumerauf; sus hijos Gabriel y Gustavo Guevara; sus hijas pol\u00edticas<\/p>\n","protected":false},"author":5,"featured_media":0,"comment_status":"closed","ping_status":"closed","sticky":false,"template":"","format":"standard","meta":{"_jetpack_memberships_contains_paid_content":false,"footnotes":""},"categories":[10],"tags":[],"class_list":["post-6322","post","type-post","status-publish","format-standard","hentry","category-necrologicas"],"jetpack_featured_media_url":"","jetpack_sharing_enabled":true,"_links":{"self":[{"href":"https:\/\/cdnoticias.com\/index.php\/wp-json\/wp\/v2\/posts\/6322","targetHints":{"allow":["GET"]}}],"collection":[{"href":"https:\/\/cdnoticias.com\/index.php\/wp-json\/wp\/v2\/posts"}],"about":[{"href":"https:\/\/cdnoticias.com\/index.php\/wp-json\/wp\/v2\/types\/post"}],"author":[{"embeddable":true,"href":"https:\/\/cdnoticias.com\/index.php\/wp-json\/wp\/v2\/users\/5"}],"replies":[{"embeddable":true,"href":"https:\/\/cdnoticias.com\/index.php\/wp-json\/wp\/v2\/comments?post=6322"}],"version-history":[{"count":0,"href":"https:\/\/cdnoticias.com\/index.php\/wp-json\/wp\/v2\/posts\/6322\/revisions"}],"wp:attachment":[{"href":"https:\/\/cdnoticias.com\/index.php\/wp-json\/wp\/v2\/media?parent=6322"}],"wp:term":[{"taxonomy":"category","embeddable":true,"href":"https:\/\/cdnoticias.com\/index.php\/wp-json\/wp\/v2\/categories?post=6322"},{"taxonomy":"post_tag","embeddable":true,"href":"https:\/\/cdnoticias.com\/index.php\/wp-json\/wp\/v2\/tags?post=6322"}],"curies":[{"name":"wp","href":"https:\/\/api.w.org\/{rel}","templated":true}]}}