{"id":63207,"date":"2022-08-25T12:54:15","date_gmt":"2022-08-25T15:54:15","guid":{"rendered":"https:\/\/www.centraldenoticias.com.ar\/?p=63207"},"modified":"2022-08-25T12:54:15","modified_gmt":"2022-08-25T15:54:15","slug":"reconocimiento-al-grupo-can-can-en-el-hcd","status":"publish","type":"post","link":"https:\/\/cdnoticias.com\/index.php\/2022\/08\/25\/reconocimiento-al-grupo-can-can-en-el-hcd\/","title":{"rendered":"Reconocimiento al grupo Can Can en el HCD"},"content":{"rendered":"<p>Los integrantes de la banda local que marc\u00f3 los \u00b480 estuvieron en el Concejo para recibir la distinci\u00f3n \u201chonor al m\u00e9rito ciudadano\u201d.<!--more--><\/p>\n<hr \/>\n<p>En el comienzo de la sesi\u00f3n de este jueves en el Concejo Deliberante, <strong>los ediles homenajearon a la banda Can Can que marc\u00f3 el rock de los \u00b480 en Olavarr\u00eda y en tambi\u00e9n en el pa\u00eds<\/strong>.<\/p>\n<p>&nbsp;<\/p>\n<p>Los presidentes y presidentas de los distintos bloques pol\u00edticos <strong>entregaron a sus integrantes el galard\u00f3n de \u201cHonor al M\u00e9rito Ciudadano\u201d<\/strong>.<\/p>\n<p>&nbsp;<\/p>\n<p>Se trata de una <strong>iniciativa del bloque Foro Olavarr\u00eda &#8211; Frente Renovador<\/strong> que <a href=\"https:\/\/cdnoticias.com\/index.php\/2022\/06\/22\/buscan-que-el-hcd-reconozca-al-grupo-musical-can-can\/\" target=\"_blank\" rel=\"noopener\">fue presentada en junio<\/a> y se aprob\u00f3 en el cuerpo. La presidenta de la bancada, <strong>In\u00e9s Creimer, agradeci\u00f3 a los m\u00fasicos haberse reunido para asistir a recibir el reconocimiento y valor\u00f3 su trayectoria en la m\u00fasica<\/strong>.<\/p>\n<p>&nbsp;<\/p>\n<p><img data-recalc-dims=\"1\" loading=\"lazy\" decoding=\"async\" class=\"size-full wp-image-63209 aligncenter\" src=\"https:\/\/i0.wp.com\/cdnoticias.com\/wp-content\/uploads\/2022\/08\/HCD-can-can-01.jpg?resize=800%2C445&#038;ssl=1\" alt=\"\" width=\"800\" height=\"445\" srcset=\"https:\/\/i0.wp.com\/cdnoticias.com\/wp-content\/uploads\/2022\/08\/HCD-can-can-01.jpg?w=800&amp;ssl=1 800w, https:\/\/i0.wp.com\/cdnoticias.com\/wp-content\/uploads\/2022\/08\/HCD-can-can-01.jpg?resize=300%2C167&amp;ssl=1 300w, https:\/\/i0.wp.com\/cdnoticias.com\/wp-content\/uploads\/2022\/08\/HCD-can-can-01.jpg?resize=768%2C427&amp;ssl=1 768w\" sizes=\"auto, (max-width: 800px) 100vw, 800px\" \/><\/p>\n<p>&nbsp;<\/p>\n<p>La banda \u201cCan Can\u201d naci\u00f3 en 1982 cuando<strong> Claudio Pedreira<\/strong> (voz, teclados y guitarras) y <strong>Charango Torres<\/strong> (voz, guitarras y coros) se conocieron a trav\u00e9s de un amigo en com\u00fan, el <strong>&#8220;Chino&#8221; Ribalta<\/strong> (bater\u00eda). Dos a\u00f1os despu\u00e9s, en 1984, la banda debut\u00f3 en el circuito olavarriense bajo el nombre \u201cLos Pasajeros\u201d. En 1985, el grupo cambi\u00f3 de baterista tras incorporar a <strong>Pino Cuadrado<\/strong> y luego se radicaron en Buenos Aires donde ya se presentaron bajo el nombre de \u201cCan Can\u201d.<\/p>\n<p>&nbsp;<\/p>\n<p>La banda fue <strong>creadora de 32 canciones<\/strong> entre las cuales se encuentran grandes \u00e9xitos como<strong> \u201cCara de Documento\u201d y \u201cTicket\u201d.<\/strong><\/p>\n","protected":false},"excerpt":{"rendered":"<p>Los integrantes de la banda local que marc\u00f3 los \u00b480 estuvieron en el Concejo para recibir la distinci\u00f3n \u201chonor al<\/p>\n","protected":false},"author":4,"featured_media":63208,"comment_status":"closed","ping_status":"closed","sticky":false,"template":"","format":"standard","meta":{"_jetpack_memberships_contains_paid_content":false,"footnotes":""},"categories":[4,1],"tags":[],"class_list":["post-63207","post","type-post","status-publish","format-standard","has-post-thumbnail","hentry","category-politica","category-portada"],"jetpack_featured_media_url":"https:\/\/i0.wp.com\/cdnoticias.com\/wp-content\/uploads\/2022\/08\/HCD-can-can-00.jpg?fit=800%2C445&ssl=1","jetpack_sharing_enabled":true,"_links":{"self":[{"href":"https:\/\/cdnoticias.com\/index.php\/wp-json\/wp\/v2\/posts\/63207","targetHints":{"allow":["GET"]}}],"collection":[{"href":"https:\/\/cdnoticias.com\/index.php\/wp-json\/wp\/v2\/posts"}],"about":[{"href":"https:\/\/cdnoticias.com\/index.php\/wp-json\/wp\/v2\/types\/post"}],"author":[{"embeddable":true,"href":"https:\/\/cdnoticias.com\/index.php\/wp-json\/wp\/v2\/users\/4"}],"replies":[{"embeddable":true,"href":"https:\/\/cdnoticias.com\/index.php\/wp-json\/wp\/v2\/comments?post=63207"}],"version-history":[{"count":0,"href":"https:\/\/cdnoticias.com\/index.php\/wp-json\/wp\/v2\/posts\/63207\/revisions"}],"wp:featuredmedia":[{"embeddable":true,"href":"https:\/\/cdnoticias.com\/index.php\/wp-json\/wp\/v2\/media\/63208"}],"wp:attachment":[{"href":"https:\/\/cdnoticias.com\/index.php\/wp-json\/wp\/v2\/media?parent=63207"}],"wp:term":[{"taxonomy":"category","embeddable":true,"href":"https:\/\/cdnoticias.com\/index.php\/wp-json\/wp\/v2\/categories?post=63207"},{"taxonomy":"post_tag","embeddable":true,"href":"https:\/\/cdnoticias.com\/index.php\/wp-json\/wp\/v2\/tags?post=63207"}],"curies":[{"name":"wp","href":"https:\/\/api.w.org\/{rel}","templated":true}]}}