{"id":63205,"date":"2022-08-25T12:29:02","date_gmt":"2022-08-25T15:29:02","guid":{"rendered":"https:\/\/www.centraldenoticias.com.ar\/?p=63205"},"modified":"2022-08-25T13:25:40","modified_gmt":"2022-08-25T16:25:40","slug":"maria-antonieta-bonavetti-viuda-de-amoroso-q-e-p-d","status":"publish","type":"post","link":"https:\/\/cdnoticias.com\/index.php\/2022\/08\/25\/maria-antonieta-bonavetti-viuda-de-amoroso-q-e-p-d\/","title":{"rendered":"Mar\u00eda Antonieta Bonavetti viuda de Amoroso (Q.E.P.D.)"},"content":{"rendered":"<p>&nbsp;<\/p>\n<p>Falleci\u00f3 en Olavarr\u00eda el d\u00eda 24 de agosto de 2022 a los 90 a\u00f1os de edad.<\/p>\n<p>&nbsp;<\/p>\n<p>Sus hijos: Anal\u00eda, Cristina, Adriana y Ricardo. Sus hijos pol\u00edticos: Julio, Jorge, Juan Carlos y Susana. Sus nietos: Gonzalo, Mat\u00edas, Santiago, Sebasti\u00e1n, Eugenia, Emilio, Ignacio, Victoria, Martin, Agust\u00edn y Dolores. Sus bisnietos: Catalina, Juan, Tom\u00e1s, Pedro, Bautista, Emilia, Julieta, Felicitas y Manuela. Sus hermanos: Franco y Aldo. Sus nietos pol\u00edticos. Sus hermanos pol\u00edticos y dem\u00e1s deudos participan su fallecimiento.<\/p>\n<p>&nbsp;<\/p>\n<p>Sin velatorio. Sin responso. Inhumaci\u00f3n: Cementerio Loma de Paz, jueves 25 a las 10:30. Servicio adherido a Coopelectric.<\/p>\n<p>&nbsp;<\/p>\n<p>Barrio en el que viv\u00eda: Microcentro.<\/p>\n<p>&nbsp;<\/p>\n<p>Lugar de nacimiento: Italia.<\/p>\n<p>&nbsp;<\/p>\n<p>Actividad que desarrollaba: Pensionada.<\/p>\n","protected":false},"excerpt":{"rendered":"<p>&nbsp; Falleci\u00f3 en Olavarr\u00eda el d\u00eda 24 de agosto de 2022 a los 90 a\u00f1os de edad. &nbsp; Sus hijos:<\/p>\n","protected":false},"author":4,"featured_media":51544,"comment_status":"closed","ping_status":"closed","sticky":false,"template":"","format":"standard","meta":{"_jetpack_memberships_contains_paid_content":false,"footnotes":""},"categories":[10],"tags":[],"class_list":["post-63205","post","type-post","status-publish","format-standard","has-post-thumbnail","hentry","category-necrologicas"],"jetpack_featured_media_url":"https:\/\/i0.wp.com\/cdnoticias.com\/wp-content\/uploads\/2022\/04\/necrologicas-390-x-240.jpg?fit=390%2C240&ssl=1","jetpack_sharing_enabled":true,"_links":{"self":[{"href":"https:\/\/cdnoticias.com\/index.php\/wp-json\/wp\/v2\/posts\/63205","targetHints":{"allow":["GET"]}}],"collection":[{"href":"https:\/\/cdnoticias.com\/index.php\/wp-json\/wp\/v2\/posts"}],"about":[{"href":"https:\/\/cdnoticias.com\/index.php\/wp-json\/wp\/v2\/types\/post"}],"author":[{"embeddable":true,"href":"https:\/\/cdnoticias.com\/index.php\/wp-json\/wp\/v2\/users\/4"}],"replies":[{"embeddable":true,"href":"https:\/\/cdnoticias.com\/index.php\/wp-json\/wp\/v2\/comments?post=63205"}],"version-history":[{"count":0,"href":"https:\/\/cdnoticias.com\/index.php\/wp-json\/wp\/v2\/posts\/63205\/revisions"}],"wp:featuredmedia":[{"embeddable":true,"href":"https:\/\/cdnoticias.com\/index.php\/wp-json\/wp\/v2\/media\/51544"}],"wp:attachment":[{"href":"https:\/\/cdnoticias.com\/index.php\/wp-json\/wp\/v2\/media?parent=63205"}],"wp:term":[{"taxonomy":"category","embeddable":true,"href":"https:\/\/cdnoticias.com\/index.php\/wp-json\/wp\/v2\/categories?post=63205"},{"taxonomy":"post_tag","embeddable":true,"href":"https:\/\/cdnoticias.com\/index.php\/wp-json\/wp\/v2\/tags?post=63205"}],"curies":[{"name":"wp","href":"https:\/\/api.w.org\/{rel}","templated":true}]}}