{"id":63194,"date":"2022-08-25T18:00:02","date_gmt":"2022-08-25T21:00:02","guid":{"rendered":"https:\/\/www.centraldenoticias.com.ar\/?p=63194"},"modified":"2022-08-25T18:00:02","modified_gmt":"2022-08-25T21:00:02","slug":"realizaron-operativos-de-seguridad-vial-en-olavarria-y-sierra-chica","status":"publish","type":"post","link":"https:\/\/cdnoticias.com\/index.php\/2022\/08\/25\/realizaron-operativos-de-seguridad-vial-en-olavarria-y-sierra-chica\/","title":{"rendered":"Realizaron operativos de seguridad vial en Olavarr\u00eda y Sierra Chica"},"content":{"rendered":"<p>Las tareas preventivas y de control fueron diagramadas desde la subsecretar\u00eda de Seguridad municipal con colaboraci\u00f3n de polic\u00eda Local.<!--more--><\/p>\n<hr \/>\n<p>Desde la Subsecretar\u00eda de Seguridad de la Municipalidad de Olavarr\u00eda se inform\u00f3 que durante las \u00faltimas horas se realizaron tareas preventivas y de control con la polic\u00eda Local.<strong> Fueron concretadas tanto en Olavarr\u00eda como en Sierra Chica.<\/strong><\/p>\n<p>&nbsp;<\/p>\n<p>Se detall\u00f3 que en la mencionada localidad se llevaron adelante<strong> 16 interceptaciones de rodados<\/strong> para su identificaci\u00f3n.<\/p>\n<p>&nbsp;<\/p>\n<p><strong>Se infraccion\u00f3 a 4 motociclistas<\/strong> y entre las faltas detectadas se enumer\u00f3 la no utilizaci\u00f3n de casco, la falta de documentaci\u00f3n habilitante y por girar en \u201cU\u201d, situaci\u00f3n por la que tambi\u00e9n se le inici\u00f3 un acta al conductor de un autom\u00f3vil.<\/p>\n<p>&nbsp;<\/p>\n<p>De manera paralela, <strong>en la ciudad de Olavarr\u00eda se interceptaron 94 rodados,<\/strong> entre autos y motos. Se labraron 27 actas, en las que se marcaron <strong>62 \u00edtems de infracci\u00f3n.<\/strong><\/p>\n<p>&nbsp;<\/p>\n<p>Por \u00faltimo, se detall\u00f3 que<strong> retuvieron una licencia de conducir, dos autos y 4 ciclomotores.<\/strong><\/p>\n","protected":false},"excerpt":{"rendered":"<p>Las tareas preventivas y de control fueron diagramadas desde la subsecretar\u00eda de Seguridad municipal con colaboraci\u00f3n de polic\u00eda Local.<\/p>\n","protected":false},"author":5,"featured_media":63195,"comment_status":"closed","ping_status":"closed","sticky":false,"template":"","format":"standard","meta":{"_jetpack_memberships_contains_paid_content":false,"footnotes":""},"categories":[14,1],"tags":[],"class_list":["post-63194","post","type-post","status-publish","format-standard","has-post-thumbnail","hentry","category-policiales","category-portada"],"jetpack_featured_media_url":"https:\/\/i0.wp.com\/cdnoticias.com\/wp-content\/uploads\/2022\/08\/Seguridad-Operativos-Transito-2-1024x682-1.jpg?fit=1024%2C682&ssl=1","jetpack_sharing_enabled":true,"_links":{"self":[{"href":"https:\/\/cdnoticias.com\/index.php\/wp-json\/wp\/v2\/posts\/63194","targetHints":{"allow":["GET"]}}],"collection":[{"href":"https:\/\/cdnoticias.com\/index.php\/wp-json\/wp\/v2\/posts"}],"about":[{"href":"https:\/\/cdnoticias.com\/index.php\/wp-json\/wp\/v2\/types\/post"}],"author":[{"embeddable":true,"href":"https:\/\/cdnoticias.com\/index.php\/wp-json\/wp\/v2\/users\/5"}],"replies":[{"embeddable":true,"href":"https:\/\/cdnoticias.com\/index.php\/wp-json\/wp\/v2\/comments?post=63194"}],"version-history":[{"count":0,"href":"https:\/\/cdnoticias.com\/index.php\/wp-json\/wp\/v2\/posts\/63194\/revisions"}],"wp:featuredmedia":[{"embeddable":true,"href":"https:\/\/cdnoticias.com\/index.php\/wp-json\/wp\/v2\/media\/63195"}],"wp:attachment":[{"href":"https:\/\/cdnoticias.com\/index.php\/wp-json\/wp\/v2\/media?parent=63194"}],"wp:term":[{"taxonomy":"category","embeddable":true,"href":"https:\/\/cdnoticias.com\/index.php\/wp-json\/wp\/v2\/categories?post=63194"},{"taxonomy":"post_tag","embeddable":true,"href":"https:\/\/cdnoticias.com\/index.php\/wp-json\/wp\/v2\/tags?post=63194"}],"curies":[{"name":"wp","href":"https:\/\/api.w.org\/{rel}","templated":true}]}}