{"id":6314,"date":"2020-11-12T17:01:30","date_gmt":"2020-11-12T20:01:30","guid":{"rendered":"http:\/\/www.centraldenoticias.com.ar\/?p=6314"},"modified":"2020-11-12T18:57:19","modified_gmt":"2020-11-12T21:57:19","slug":"por-tareas-de-coopelectric-cortaran-un-tramo-de-la-ruta-nacional-226","status":"publish","type":"post","link":"https:\/\/cdnoticias.com\/index.php\/2020\/11\/12\/por-tareas-de-coopelectric-cortaran-un-tramo-de-la-ruta-nacional-226\/","title":{"rendered":"Por tareas de Coopelectric cortar\u00e1n un tramo de la Ruta Nacional 226"},"content":{"rendered":"<p>Ser\u00e1 durante la mayor parte de este viernes, afectando la circulaci\u00f3n entre Independencia y avenida Pringles. C\u00f3mo funcionar\u00e1n los accesos a la ciudad.<\/p>\n<p><!--more--><\/p>\n<hr \/>\n<p>Desde las 8 de este viernes dar\u00e1n inicio tareas operativas de Coopelectric en torno a un tendido a\u00e9reo de media tensi\u00f3n que cruza la Ruta Nacional N\u00b0 226, a la altura del arroyo Tapalqu\u00e9. Por la puesta en marcha de esas labores <strong>se debi\u00f3 diagramar un dispositivo de tr\u00e1nsito que se prolongar\u00e1 durante la mayor parte de la ma\u00f1ana. Tal es as\u00ed que la interrupci\u00f3n de la circulaci\u00f3n vehicular se ver\u00e1 afectada hasta el mediod\u00eda.<\/strong><\/p>\n<p>&nbsp;<\/p>\n<p>Por esa situaci\u00f3n fue que desde Coopelectric se establecieron comunicaci\u00f3n con la Direcci\u00f3n de Vialidad Nacional para llevar adelante labores coordinadas, adem\u00e1s de la <strong>disposici\u00f3n de se\u00f1al\u00e9tica y banderilleros que guiar\u00e1n a los automovilistas.<\/strong><\/p>\n<p>&nbsp;<\/p>\n<p>Asimismo, vale tener en cuenta c\u00f3mo ser\u00e1 la reorganizaci\u00f3n de la circulaci\u00f3n, ya que se realizar\u00e1n desv\u00edos hacia el interior del casco urbano local. <strong>Aquellas personas que circulen provenientes de Bol\u00edvar deber\u00e1n ingresar a nuestra ciudad por calle Independencia y luego retomar avenida De los Trabajadores hasta avenida Pringles, para desde all\u00ed poder retomar la ruta.<\/strong><\/p>\n<p>&nbsp;<\/p>\n<p><strong>Quienes circulen en sentido contrario deber\u00e1n llevar adelante el camino inverso<\/strong>. No obstante, vale insistencia, se dispondr\u00e1 de banderilleros para guiar la circulaci\u00f3n.<\/p>\n","protected":false},"excerpt":{"rendered":"<p>Ser\u00e1 durante la mayor parte de este viernes, afectando la circulaci\u00f3n entre Independencia y avenida Pringles. C\u00f3mo funcionar\u00e1n los accesos<\/p>\n","protected":false},"author":3,"featured_media":6324,"comment_status":"closed","ping_status":"closed","sticky":false,"template":"","format":"standard","meta":{"_jetpack_memberships_contains_paid_content":false,"footnotes":""},"categories":[5,1],"tags":[],"class_list":["post-6314","post","type-post","status-publish","format-standard","has-post-thumbnail","hentry","category-informacion-general","category-portada"],"jetpack_featured_media_url":"https:\/\/i0.wp.com\/cdnoticias.com\/wp-content\/uploads\/2020\/11\/Sin-t%C3%ADtulo-3-2.jpg?fit=1014%2C585&ssl=1","jetpack_sharing_enabled":true,"_links":{"self":[{"href":"https:\/\/cdnoticias.com\/index.php\/wp-json\/wp\/v2\/posts\/6314","targetHints":{"allow":["GET"]}}],"collection":[{"href":"https:\/\/cdnoticias.com\/index.php\/wp-json\/wp\/v2\/posts"}],"about":[{"href":"https:\/\/cdnoticias.com\/index.php\/wp-json\/wp\/v2\/types\/post"}],"author":[{"embeddable":true,"href":"https:\/\/cdnoticias.com\/index.php\/wp-json\/wp\/v2\/users\/3"}],"replies":[{"embeddable":true,"href":"https:\/\/cdnoticias.com\/index.php\/wp-json\/wp\/v2\/comments?post=6314"}],"version-history":[{"count":0,"href":"https:\/\/cdnoticias.com\/index.php\/wp-json\/wp\/v2\/posts\/6314\/revisions"}],"wp:featuredmedia":[{"embeddable":true,"href":"https:\/\/cdnoticias.com\/index.php\/wp-json\/wp\/v2\/media\/6324"}],"wp:attachment":[{"href":"https:\/\/cdnoticias.com\/index.php\/wp-json\/wp\/v2\/media?parent=6314"}],"wp:term":[{"taxonomy":"category","embeddable":true,"href":"https:\/\/cdnoticias.com\/index.php\/wp-json\/wp\/v2\/categories?post=6314"},{"taxonomy":"post_tag","embeddable":true,"href":"https:\/\/cdnoticias.com\/index.php\/wp-json\/wp\/v2\/tags?post=6314"}],"curies":[{"name":"wp","href":"https:\/\/api.w.org\/{rel}","templated":true}]}}