{"id":63138,"date":"2022-08-26T20:41:51","date_gmt":"2022-08-26T23:41:51","guid":{"rendered":"https:\/\/www.centraldenoticias.com.ar\/?p=63138"},"modified":"2022-08-26T20:41:51","modified_gmt":"2022-08-26T23:41:51","slug":"se-firmo-convenio-sobre-cannabis-terapeutico","status":"publish","type":"post","link":"https:\/\/cdnoticias.com\/index.php\/2022\/08\/26\/se-firmo-convenio-sobre-cannabis-terapeutico\/","title":{"rendered":"Se firm\u00f3 convenio sobre cannabis terap\u00e9utico"},"content":{"rendered":"<p>El convenio formaliza la intenci\u00f3n de las partes por conformar un proceso de investigaci\u00f3n p\u00fablico-privada para la formaci\u00f3n conjunta de un cl\u00faster en la regi\u00f3n.<!--more--><\/p>\n<hr \/>\n<p>D\u00edas atr\u00e1s la <strong>Facultad de Ingenier\u00eda<\/strong> rubric\u00f3 un <strong>convenio para investigaci\u00f3n, desarrollo e innovaci\u00f3n tecnol\u00f3gica,<\/strong> en el campo del<strong> cannabis terap\u00e9utico y c\u00e1\u00f1amo industrial.<\/strong><\/p>\n<p>&nbsp;<\/p>\n<p>Al evento protocolar asistieron la <strong>decana de la FIO Mar\u00eda Peralta<\/strong>, y el <strong>cient\u00edfico referente en la tem\u00e1tica Gast\u00f3n Barreto<\/strong>. Por <strong>UNICEN estuvo del rector Marcelo Aba<\/strong>, en tanto que en representaci\u00f3n de la <strong>empresa Yamar Group<\/strong> firmaron <strong>Santiago Pratto y Flavio Mayer.<\/strong><\/p>\n<p>&nbsp;<\/p>\n<p>El convenio formaliza la intenci\u00f3n de las partes por <strong>conformar un proceso de investigaci\u00f3n p\u00fablico-privada<\/strong> para la formaci\u00f3n conjunta de un cl\u00faster en la regi\u00f3n.<\/p>\n<p>&nbsp;<\/p>\n<p>Se apunta a la<strong> radicaci\u00f3n de la mencionada empresa en el Partido de Olavarr\u00eda,<\/strong> profundizando una de las l\u00edneas que posee la empresa: <strong>el cultivo e industrializaci\u00f3n de c\u00e1\u00f1amo y cannabis para uso medicinal.<\/strong><\/p>\n<p>&nbsp;<\/p>\n<p>La FIO exhibe a esta altura una vasta y protag\u00f3nica trayectoria en la tem\u00e1tica, conformando <strong>equipos de trabajo<\/strong> que ocupan lugares preponderantes en el terreno de la ciencia vinculada con el uso terap\u00e9utico de cannabis.<\/p>\n<p>&nbsp;<\/p>\n<p>Por \u00faltimo, segun aseguraron funcionarios universitarios, el<strong> convenio permitir\u00e1 \u00a0profundizar las l\u00edneas de trabajo, ampliar los conocimientos y contribuir a la cadena de valor.<\/strong><\/p>\n<p>&nbsp;<\/p>\n","protected":false},"excerpt":{"rendered":"<p>El convenio formaliza la intenci\u00f3n de las partes por conformar un proceso de investigaci\u00f3n p\u00fablico-privada para la formaci\u00f3n conjunta de<\/p>\n","protected":false},"author":6,"featured_media":63139,"comment_status":"closed","ping_status":"closed","sticky":false,"template":"","format":"standard","meta":{"_jetpack_memberships_contains_paid_content":false,"footnotes":""},"categories":[5,1],"tags":[],"class_list":["post-63138","post","type-post","status-publish","format-standard","has-post-thumbnail","hentry","category-informacion-general","category-portada"],"jetpack_featured_media_url":"https:\/\/i0.wp.com\/cdnoticias.com\/wp-content\/uploads\/2022\/08\/Cannabis_1.jpg?fit=1020%2C660&ssl=1","jetpack_sharing_enabled":true,"_links":{"self":[{"href":"https:\/\/cdnoticias.com\/index.php\/wp-json\/wp\/v2\/posts\/63138","targetHints":{"allow":["GET"]}}],"collection":[{"href":"https:\/\/cdnoticias.com\/index.php\/wp-json\/wp\/v2\/posts"}],"about":[{"href":"https:\/\/cdnoticias.com\/index.php\/wp-json\/wp\/v2\/types\/post"}],"author":[{"embeddable":true,"href":"https:\/\/cdnoticias.com\/index.php\/wp-json\/wp\/v2\/users\/6"}],"replies":[{"embeddable":true,"href":"https:\/\/cdnoticias.com\/index.php\/wp-json\/wp\/v2\/comments?post=63138"}],"version-history":[{"count":0,"href":"https:\/\/cdnoticias.com\/index.php\/wp-json\/wp\/v2\/posts\/63138\/revisions"}],"wp:featuredmedia":[{"embeddable":true,"href":"https:\/\/cdnoticias.com\/index.php\/wp-json\/wp\/v2\/media\/63139"}],"wp:attachment":[{"href":"https:\/\/cdnoticias.com\/index.php\/wp-json\/wp\/v2\/media?parent=63138"}],"wp:term":[{"taxonomy":"category","embeddable":true,"href":"https:\/\/cdnoticias.com\/index.php\/wp-json\/wp\/v2\/categories?post=63138"},{"taxonomy":"post_tag","embeddable":true,"href":"https:\/\/cdnoticias.com\/index.php\/wp-json\/wp\/v2\/tags?post=63138"}],"curies":[{"name":"wp","href":"https:\/\/api.w.org\/{rel}","templated":true}]}}