{"id":63134,"date":"2022-08-24T19:00:57","date_gmt":"2022-08-24T22:00:57","guid":{"rendered":"https:\/\/www.centraldenoticias.com.ar\/?p=63134"},"modified":"2022-08-24T19:00:57","modified_gmt":"2022-08-24T22:00:57","slug":"corte-de-luz-en-dos-sectores-de-la-ciudad","status":"publish","type":"post","link":"https:\/\/cdnoticias.com\/index.php\/2022\/08\/24\/corte-de-luz-en-dos-sectores-de-la-ciudad\/","title":{"rendered":"Corte de luz en dos sectores de la ciudad"},"content":{"rendered":"<p>Ser\u00e1 este jueves de 08:00 a 12:00. Se indic\u00f3 que es por tareas de mantenimiento.<!--more--><\/p>\n<hr \/>\n<p>Desde Coopelectric se inform\u00f3 que este <strong>jueves 25<\/strong> se llevar\u00e1 a cabo un <strong>corte de luz por tareas de mantenimiento.<\/strong><\/p>\n<p>&nbsp;<\/p>\n<p>Ser\u00e1 entre las <strong>08:00 y las 12:00<\/strong> en dos sectores de la ciudad:<\/p>\n<p>&nbsp;<\/p>\n<p><strong>Sector 1:<\/strong> Saavedra- avenida Col\u00f3n- San Mart\u00edn- Berutti.<\/p>\n<p>&nbsp;<\/p>\n<p><strong>Sector 2:<\/strong> avenida Urquiza- San Mart\u00edn- avenida Pellegrini- Coronel Suarez<\/p>\n<p>&nbsp;<\/p>\n<p>Se indic\u00f3 que puede suspenderse sin las condiciones clim\u00e1ticas son adversas. En tal caso, las tareas ser\u00e1n reprogramadas.<\/p>\n","protected":false},"excerpt":{"rendered":"<p>Ser\u00e1 este jueves de 08:00 a 12:00. Se indic\u00f3 que es por tareas de mantenimiento.<\/p>\n","protected":false},"author":6,"featured_media":41402,"comment_status":"closed","ping_status":"closed","sticky":false,"template":"","format":"standard","meta":{"_jetpack_memberships_contains_paid_content":false,"footnotes":""},"categories":[5,1],"tags":[],"class_list":["post-63134","post","type-post","status-publish","format-standard","has-post-thumbnail","hentry","category-informacion-general","category-portada"],"jetpack_featured_media_url":"https:\/\/i0.wp.com\/cdnoticias.com\/wp-content\/uploads\/2021\/12\/coopelectric-camion1.jpg?fit=1540%2C856&ssl=1","jetpack_sharing_enabled":true,"_links":{"self":[{"href":"https:\/\/cdnoticias.com\/index.php\/wp-json\/wp\/v2\/posts\/63134","targetHints":{"allow":["GET"]}}],"collection":[{"href":"https:\/\/cdnoticias.com\/index.php\/wp-json\/wp\/v2\/posts"}],"about":[{"href":"https:\/\/cdnoticias.com\/index.php\/wp-json\/wp\/v2\/types\/post"}],"author":[{"embeddable":true,"href":"https:\/\/cdnoticias.com\/index.php\/wp-json\/wp\/v2\/users\/6"}],"replies":[{"embeddable":true,"href":"https:\/\/cdnoticias.com\/index.php\/wp-json\/wp\/v2\/comments?post=63134"}],"version-history":[{"count":0,"href":"https:\/\/cdnoticias.com\/index.php\/wp-json\/wp\/v2\/posts\/63134\/revisions"}],"wp:featuredmedia":[{"embeddable":true,"href":"https:\/\/cdnoticias.com\/index.php\/wp-json\/wp\/v2\/media\/41402"}],"wp:attachment":[{"href":"https:\/\/cdnoticias.com\/index.php\/wp-json\/wp\/v2\/media?parent=63134"}],"wp:term":[{"taxonomy":"category","embeddable":true,"href":"https:\/\/cdnoticias.com\/index.php\/wp-json\/wp\/v2\/categories?post=63134"},{"taxonomy":"post_tag","embeddable":true,"href":"https:\/\/cdnoticias.com\/index.php\/wp-json\/wp\/v2\/tags?post=63134"}],"curies":[{"name":"wp","href":"https:\/\/api.w.org\/{rel}","templated":true}]}}