{"id":63132,"date":"2022-08-24T17:21:03","date_gmt":"2022-08-24T20:21:03","guid":{"rendered":"https:\/\/www.centraldenoticias.com.ar\/?p=63132"},"modified":"2022-08-24T17:21:03","modified_gmt":"2022-08-24T20:21:03","slug":"higinio-evaristo-fischer-blanco-q-e-p-d","status":"publish","type":"post","link":"https:\/\/cdnoticias.com\/index.php\/2022\/08\/24\/higinio-evaristo-fischer-blanco-q-e-p-d\/","title":{"rendered":"Higinio Evaristo Fischer &#8220;Blanco&#8221; (Q.E.P.D.)"},"content":{"rendered":"<p>Falleci\u00f3 en Olavarr\u00eda el d\u00eda 24 de agosto de 2022 a los 90 a\u00f1os. Su esposa: Ana Amelia Fischer. Sus hijos: Pedro Pablo y Maximiliano Agust\u00edn Fischer. Sus hijas pol\u00edticas: Mar\u00eda Jos\u00e9 y Soledad. Sus nietos: B\u00e1rbara, Paulina, Isabella, Ana, Valent\u00edn y dem\u00e1s deudos participan su fallecimiento.<\/p>\n<p>&nbsp;<\/p>\n<p>Velatorio: Sala de Colonia Hinojo. Jueves 25 de 8:00 a 12:30. Responso: Capilla Ardiente. Inhumaci\u00f3n: Cementerio Municipal de Colonia Hinojo, jueves 25 a las 12:30. Servicio adherido a Coopelectric.<\/p>\n<p>&nbsp;<\/p>\n<p>Vecino de Colonia Hinojo<\/p>\n<p>Lugar de nacimiento: Colonia Hinojo<\/p>\n<p>Actividad que desarrollaba: Fundador del Transporte &#8220;El Amanecer&#8221;. Jubilado<\/p>\n","protected":false},"excerpt":{"rendered":"<p>Falleci\u00f3 en Olavarr\u00eda el d\u00eda 24 de agosto de 2022 a los 90 a\u00f1os. Su esposa: Ana Amelia Fischer. Sus<\/p>\n","protected":false},"author":6,"featured_media":51544,"comment_status":"closed","ping_status":"closed","sticky":false,"template":"","format":"standard","meta":{"_jetpack_memberships_contains_paid_content":false,"footnotes":""},"categories":[10],"tags":[],"class_list":["post-63132","post","type-post","status-publish","format-standard","has-post-thumbnail","hentry","category-necrologicas"],"jetpack_featured_media_url":"https:\/\/i0.wp.com\/cdnoticias.com\/wp-content\/uploads\/2022\/04\/necrologicas-390-x-240.jpg?fit=390%2C240&ssl=1","jetpack_sharing_enabled":true,"_links":{"self":[{"href":"https:\/\/cdnoticias.com\/index.php\/wp-json\/wp\/v2\/posts\/63132","targetHints":{"allow":["GET"]}}],"collection":[{"href":"https:\/\/cdnoticias.com\/index.php\/wp-json\/wp\/v2\/posts"}],"about":[{"href":"https:\/\/cdnoticias.com\/index.php\/wp-json\/wp\/v2\/types\/post"}],"author":[{"embeddable":true,"href":"https:\/\/cdnoticias.com\/index.php\/wp-json\/wp\/v2\/users\/6"}],"replies":[{"embeddable":true,"href":"https:\/\/cdnoticias.com\/index.php\/wp-json\/wp\/v2\/comments?post=63132"}],"version-history":[{"count":0,"href":"https:\/\/cdnoticias.com\/index.php\/wp-json\/wp\/v2\/posts\/63132\/revisions"}],"wp:featuredmedia":[{"embeddable":true,"href":"https:\/\/cdnoticias.com\/index.php\/wp-json\/wp\/v2\/media\/51544"}],"wp:attachment":[{"href":"https:\/\/cdnoticias.com\/index.php\/wp-json\/wp\/v2\/media?parent=63132"}],"wp:term":[{"taxonomy":"category","embeddable":true,"href":"https:\/\/cdnoticias.com\/index.php\/wp-json\/wp\/v2\/categories?post=63132"},{"taxonomy":"post_tag","embeddable":true,"href":"https:\/\/cdnoticias.com\/index.php\/wp-json\/wp\/v2\/tags?post=63132"}],"curies":[{"name":"wp","href":"https:\/\/api.w.org\/{rel}","templated":true}]}}