{"id":63127,"date":"2022-09-03T21:00:14","date_gmt":"2022-09-04T00:00:14","guid":{"rendered":"https:\/\/www.centraldenoticias.com.ar\/?p=63127"},"modified":"2022-09-03T21:00:14","modified_gmt":"2022-09-04T00:00:14","slug":"el-dia-del-inmigrante-se-celebrara-en-loma-negra","status":"publish","type":"post","link":"https:\/\/cdnoticias.com\/index.php\/2022\/09\/03\/el-dia-del-inmigrante-se-celebrara-en-loma-negra\/","title":{"rendered":"El D\u00eda del Inmigrante se celebrar\u00e1 en Loma Negra"},"content":{"rendered":"<p>El 4 de septiembre habr\u00e1 acto protocolar seguido por los festejos con m\u00fasica, danza y venta de productos t\u00edpicos de las colectividades. Organiza la Casa de Cultura y Turismo de Loma Negra.<!--more--><\/p>\n<hr \/>\n<p><strong>Organizado por la Casa de Cultura y Turismo de Loma Negra<\/strong> con apoyo de la Delegaci\u00f3n Municipal de la localidad, se llevar\u00e1 adelante la <strong>tradicional fiesta del D\u00eda del Inmigrante<\/strong>.<\/p>\n<p>&nbsp;<\/p>\n<p>El acto protocolar tendr\u00e1 lugar el <strong>4 de septiembre desde las 15 en la Plaza de los Inmigrantes<\/strong> y a su t\u00e9rmino, en el Sal\u00f3n del Club Social y Deportivo Loma Negra seguir\u00e1 el <strong>acto festivo con grupos de baile y m\u00e1s artistas invitados<\/strong>.<\/p>\n<p>&nbsp;<\/p>\n<p><img data-recalc-dims=\"1\" loading=\"lazy\" decoding=\"async\" class=\"size-full wp-image-63129 aligncenter\" src=\"https:\/\/i0.wp.com\/cdnoticias.com\/wp-content\/uploads\/2022\/08\/dia-de-los-inmigrantes-loma-negra-00.jpg?resize=800%2C445&#038;ssl=1\" alt=\"\" width=\"800\" height=\"445\" srcset=\"https:\/\/i0.wp.com\/cdnoticias.com\/wp-content\/uploads\/2022\/08\/dia-de-los-inmigrantes-loma-negra-00.jpg?w=800&amp;ssl=1 800w, https:\/\/i0.wp.com\/cdnoticias.com\/wp-content\/uploads\/2022\/08\/dia-de-los-inmigrantes-loma-negra-00.jpg?resize=300%2C167&amp;ssl=1 300w, https:\/\/i0.wp.com\/cdnoticias.com\/wp-content\/uploads\/2022\/08\/dia-de-los-inmigrantes-loma-negra-00.jpg?resize=768%2C427&amp;ssl=1 768w\" sizes=\"auto, (max-width: 800px) 100vw, 800px\" \/><\/p>\n<p>&nbsp;<\/p>\n<p><strong>La entrada es libre gratuita<\/strong>, y adem\u00e1s se anunci\u00f3 la venta de productos t\u00edpicos elaborados por las colectividades que participar\u00e1n del encuentro.<\/p>\n<p>&nbsp;<\/p>\n<blockquote><p>\u201cPartieron un d\u00eda de su tierra amada, buscando un terru\u00f1o en d\u00f3nde vivir, buscando un hogar para el primer hijo, buscando un lugar para ser feliz!\u201d invocaron los organizadores para destacar que \u201ccada septiembre, este encuentro nos convoca con el prop\u00f3sito de perpetuar y homenajear a quienes persiguiendo sus sue\u00f1os cimentaron nuestro pueblo\u201d.<\/p><\/blockquote>\n","protected":false},"excerpt":{"rendered":"<p>El 4 de septiembre habr\u00e1 acto protocolar seguido por los festejos con m\u00fasica, danza y venta de productos t\u00edpicos de<\/p>\n","protected":false},"author":4,"featured_media":63128,"comment_status":"closed","ping_status":"closed","sticky":false,"template":"","format":"standard","meta":{"_jetpack_memberships_contains_paid_content":false,"footnotes":""},"categories":[5,1],"tags":[],"class_list":["post-63127","post","type-post","status-publish","format-standard","has-post-thumbnail","hentry","category-informacion-general","category-portada"],"jetpack_featured_media_url":"https:\/\/i0.wp.com\/cdnoticias.com\/wp-content\/uploads\/2022\/08\/dia-de-los-inmigrantes-loma-negra-01.jpg?fit=800%2C444&ssl=1","jetpack_sharing_enabled":true,"_links":{"self":[{"href":"https:\/\/cdnoticias.com\/index.php\/wp-json\/wp\/v2\/posts\/63127","targetHints":{"allow":["GET"]}}],"collection":[{"href":"https:\/\/cdnoticias.com\/index.php\/wp-json\/wp\/v2\/posts"}],"about":[{"href":"https:\/\/cdnoticias.com\/index.php\/wp-json\/wp\/v2\/types\/post"}],"author":[{"embeddable":true,"href":"https:\/\/cdnoticias.com\/index.php\/wp-json\/wp\/v2\/users\/4"}],"replies":[{"embeddable":true,"href":"https:\/\/cdnoticias.com\/index.php\/wp-json\/wp\/v2\/comments?post=63127"}],"version-history":[{"count":0,"href":"https:\/\/cdnoticias.com\/index.php\/wp-json\/wp\/v2\/posts\/63127\/revisions"}],"wp:featuredmedia":[{"embeddable":true,"href":"https:\/\/cdnoticias.com\/index.php\/wp-json\/wp\/v2\/media\/63128"}],"wp:attachment":[{"href":"https:\/\/cdnoticias.com\/index.php\/wp-json\/wp\/v2\/media?parent=63127"}],"wp:term":[{"taxonomy":"category","embeddable":true,"href":"https:\/\/cdnoticias.com\/index.php\/wp-json\/wp\/v2\/categories?post=63127"},{"taxonomy":"post_tag","embeddable":true,"href":"https:\/\/cdnoticias.com\/index.php\/wp-json\/wp\/v2\/tags?post=63127"}],"curies":[{"name":"wp","href":"https:\/\/api.w.org\/{rel}","templated":true}]}}