{"id":63112,"date":"2022-08-24T11:36:22","date_gmt":"2022-08-24T14:36:22","guid":{"rendered":"https:\/\/www.centraldenoticias.com.ar\/?p=63112"},"modified":"2022-08-24T11:36:22","modified_gmt":"2022-08-24T14:36:22","slug":"con-30-expedientes-en-debate-se-realizara-la-undecima-sesion-ordinaria-del-hcd","status":"publish","type":"post","link":"https:\/\/cdnoticias.com\/index.php\/2022\/08\/24\/con-30-expedientes-en-debate-se-realizara-la-undecima-sesion-ordinaria-del-hcd\/","title":{"rendered":"Con 30 expedientes en debate se realizar\u00e1 la und\u00e9cima sesi\u00f3n ordinaria del HCD"},"content":{"rendered":"<p>Previamente se har\u00e1 una sesi\u00f3n especial para votar la licencia para el intendente Ezequiel Galli. Este mi\u00e9rcoles se reuni\u00f3 la comisi\u00f3n de Labor Parlamentaria y defini\u00f3 el orden del d\u00eda.<!--more--><\/p>\n<hr \/>\n<p><strong>Este jueves se realizar\u00e1 una sesi\u00f3n especial y la und\u00e9cima sesi\u00f3n ordinaria del HCD.<\/strong> La actividad del Legislativo fue convocada desde las 9 horas en el Sal\u00f3n de la Sociedad Espa\u00f1ola.<\/p>\n<p>&nbsp;<\/p>\n<p><strong>La presidenta del HCD, Cecilia Krivochen presidi\u00f3 este mi\u00e9rcoles la reuni\u00f3n de la comisi\u00f3n de Labor Parlamentaria<\/strong> que dej\u00f3 establecidos los \u00f3rdenes del d\u00eda de la sesi\u00f3n especial convocada por decreto de presidencia N\u00b0 37\/22 y la und\u00e9cima sesi\u00f3n ordinaria del periodo 2022.<\/p>\n<p>&nbsp;<\/p>\n<p>En primer t\u00e9rmino, <a href=\"https:\/\/cdnoticias.com\/index.php\/2022\/08\/24\/ezequiel-galli-pedira-licencia-y-asumira-el-intendente-interino\/\" target=\"_blank\" rel=\"noopener\">y tal como se adelant\u00f3<\/a>, se inform\u00f3 que<strong> se realizar\u00e1 una sesi\u00f3n especial<\/strong> en la que se pondr\u00e1 en consideraci\u00f3n el expediente 328\/22 donde <strong>se tratar\u00e1 la solicitud de licencia del intendente municipal desde el 26 de agosto al 2 de septiembre.<\/strong><\/p>\n<p>&nbsp;<\/p>\n<p>Posteriormente se deber\u00e1 tratar el expediente presentado por el bloque Juntos donde <strong>el concejal Juan Mujica solicita licencia para ejercer el cargo de intendente municipal<\/strong> <strong>interino<\/strong> el 26 de agosto al 2 de septiembre. Constituida la Comisi\u00f3n de Poderes se incorporar\u00e1 al cuerpo el concejal suplente Guillermo Lascano.<\/p>\n<p>&nbsp;<\/p>\n<p><img data-recalc-dims=\"1\" loading=\"lazy\" decoding=\"async\" class=\"size-full wp-image-63114 aligncenter\" src=\"https:\/\/i0.wp.com\/cdnoticias.com\/wp-content\/uploads\/2022\/08\/HCD-labor-parlamentaria-01.jpg?resize=800%2C445&#038;ssl=1\" alt=\"\" width=\"800\" height=\"445\" srcset=\"https:\/\/i0.wp.com\/cdnoticias.com\/wp-content\/uploads\/2022\/08\/HCD-labor-parlamentaria-01.jpg?w=800&amp;ssl=1 800w, https:\/\/i0.wp.com\/cdnoticias.com\/wp-content\/uploads\/2022\/08\/HCD-labor-parlamentaria-01.jpg?resize=300%2C167&amp;ssl=1 300w, https:\/\/i0.wp.com\/cdnoticias.com\/wp-content\/uploads\/2022\/08\/HCD-labor-parlamentaria-01.jpg?resize=768%2C427&amp;ssl=1 768w\" sizes=\"auto, (max-width: 800px) 100vw, 800px\" \/><\/p>\n<p>&nbsp;<\/p>\n<p><strong>Und\u00e9cima sesi\u00f3n ordinaria<\/strong><\/p>\n<p>&nbsp;<\/p>\n<p>A continuaci\u00f3n de la sesi\u00f3n especial <strong>se llevar\u00e1 adelante la und\u00e9cima sesi\u00f3n ordinaria del periodo 2022<\/strong>. En la oportunidad <strong>ocho expedientes tomar\u00e1n estado parlamentario<\/strong> y ser\u00e1n girados a las distintas comisiones internas. Se destacan cinco expedientes remitidos por el Ejecutivo Municipal, uno presentado <a href=\"https:\/\/cdnoticias.com\/index.php\/2022\/08\/16\/martilleros-buscan-regular-la-publicidad-de-franquicias-de-inmobiliarias\/\" target=\"_blank\" rel=\"noopener\">por el Colegio de Martilleros y Corredores P\u00fablicos<\/a> y dos presentados por el bloque UCR-Juntos.<\/p>\n<p>&nbsp;<\/p>\n<p>Tras el ingreso de dichos expedientes se pondr\u00e1n a consideraci\u00f3n <strong>11 expedientes con despacho de comisi\u00f3n<\/strong>. En la oportunidad se tratar\u00e1 un proyecto presentado por la <strong>Red de Profesionales de la Salud donde se impone el nombre de \u201cSusana Garc\u00eda\u201d a la sala de espera del CAPS N\u00b0 5.<\/strong><\/p>\n<p>&nbsp;<\/p>\n<p>Se tratar\u00e1n adem\u00e1s <strong>dos proyectos de ordenanza para realizar sendos homenajes a Ex Combatientes de Malvinas<\/strong>. Las iniciativas son promovidas por el interbloque del Frente de Todos.<\/p>\n<p>&nbsp;<\/p>\n<p>Los \u00faltimos temas a tratar son <strong>19 expedientes ingresados en t\u00e9rmino reglamentario<\/strong> y con prioridad de tratamiento sobre tablas. Se trata de <em>seis expedientes del bloque de UCR-Juntos, tres del bloque Juntos y diez del interbloque Frente de Todos.<\/em><\/p>\n<p>&nbsp;<\/p>\n<blockquote><p>Se hizo saber que, con anterioridad al inicio del debate parlamentario, la presidenta Cecilia Krivochen junto a todos los presidentes de bloques realizar\u00e1n la entrega de la Resoluci\u00f3n N\u00b0 068\/22 que distingue al grupo \u201cCan-Can\u201d con el galard\u00f3n de \u201cHonor al M\u00e9rito Ciudadano\u201d.<\/p><\/blockquote>\n<p>&nbsp;<\/p>\n<p>Las sesiones de este jueves ser\u00e1n transmitidas <strong>en vivo en el canal de YouTube del Honorable Concejo Deliberante de Olavarr\u00eda.<\/strong><\/p>\n","protected":false},"excerpt":{"rendered":"<p>Previamente se har\u00e1 una sesi\u00f3n especial para votar la licencia para el intendente Ezequiel Galli. Este mi\u00e9rcoles se reuni\u00f3 la<\/p>\n","protected":false},"author":4,"featured_media":63113,"comment_status":"closed","ping_status":"closed","sticky":false,"template":"","format":"standard","meta":{"_jetpack_memberships_contains_paid_content":false,"footnotes":""},"categories":[4,1],"tags":[],"class_list":["post-63112","post","type-post","status-publish","format-standard","has-post-thumbnail","hentry","category-politica","category-portada"],"jetpack_featured_media_url":"https:\/\/i0.wp.com\/cdnoticias.com\/wp-content\/uploads\/2022\/08\/HCD-labor-parlamentaria-00-1.jpg?fit=800%2C445&ssl=1","jetpack_sharing_enabled":true,"_links":{"self":[{"href":"https:\/\/cdnoticias.com\/index.php\/wp-json\/wp\/v2\/posts\/63112","targetHints":{"allow":["GET"]}}],"collection":[{"href":"https:\/\/cdnoticias.com\/index.php\/wp-json\/wp\/v2\/posts"}],"about":[{"href":"https:\/\/cdnoticias.com\/index.php\/wp-json\/wp\/v2\/types\/post"}],"author":[{"embeddable":true,"href":"https:\/\/cdnoticias.com\/index.php\/wp-json\/wp\/v2\/users\/4"}],"replies":[{"embeddable":true,"href":"https:\/\/cdnoticias.com\/index.php\/wp-json\/wp\/v2\/comments?post=63112"}],"version-history":[{"count":0,"href":"https:\/\/cdnoticias.com\/index.php\/wp-json\/wp\/v2\/posts\/63112\/revisions"}],"wp:featuredmedia":[{"embeddable":true,"href":"https:\/\/cdnoticias.com\/index.php\/wp-json\/wp\/v2\/media\/63113"}],"wp:attachment":[{"href":"https:\/\/cdnoticias.com\/index.php\/wp-json\/wp\/v2\/media?parent=63112"}],"wp:term":[{"taxonomy":"category","embeddable":true,"href":"https:\/\/cdnoticias.com\/index.php\/wp-json\/wp\/v2\/categories?post=63112"},{"taxonomy":"post_tag","embeddable":true,"href":"https:\/\/cdnoticias.com\/index.php\/wp-json\/wp\/v2\/tags?post=63112"}],"curies":[{"name":"wp","href":"https:\/\/api.w.org\/{rel}","templated":true}]}}