{"id":63110,"date":"2022-08-24T10:50:45","date_gmt":"2022-08-24T13:50:45","guid":{"rendered":"https:\/\/www.centraldenoticias.com.ar\/?p=63110"},"modified":"2022-08-24T12:56:56","modified_gmt":"2022-08-24T15:56:56","slug":"ezequiel-galli-pedira-licencia-y-asumira-el-intendente-interino","status":"publish","type":"post","link":"https:\/\/cdnoticias.com\/index.php\/2022\/08\/24\/ezequiel-galli-pedira-licencia-y-asumira-el-intendente-interino\/","title":{"rendered":"Ezequiel Galli pedir\u00e1 licencia y asumir\u00e1 el intendente interino"},"content":{"rendered":"<p>Juan Mujica ser\u00e1 intendente de Olavarr\u00eda desde el viernes y por una semana. El Concejo Deliberante aprobar\u00e1 los cambios.<!--more--><\/p>\n<hr \/>\n<p>El intendente <strong>Ezequiel Galli tomar\u00e1 una semana de licencia en el cargo y lo reemplazar\u00e1 el intendente interino, Juan Mujica<\/strong>.<\/p>\n<p>&nbsp;<\/p>\n<p>El pedido de licencia <strong>del 26 de agosto al 2 de septiembre<\/strong> se votar\u00e1 este jueves en la sesi\u00f3n del Concejo Deliberante.<\/p>\n<p>&nbsp;<\/p>\n<p>Asimismo, se pondr\u00e1 a consideraci\u00f3n<strong> la licencia en la banca para el concejal oficialista Juan Mujica<\/strong> y su reemplazo por parte de <strong>Guillermo Lascano, quien asumir\u00e1 por el bloque Ahora Olavarr\u00eda<\/strong>.<\/p>\n<p>&nbsp;<\/p>\n","protected":false},"excerpt":{"rendered":"<p>Juan Mujica ser\u00e1 intendente de Olavarr\u00eda desde el viernes y por una semana. El Concejo Deliberante aprobar\u00e1 los cambios.<\/p>\n","protected":false},"author":4,"featured_media":52642,"comment_status":"closed","ping_status":"closed","sticky":false,"template":"","format":"standard","meta":{"_jetpack_memberships_contains_paid_content":false,"footnotes":""},"categories":[4,1],"tags":[],"class_list":["post-63110","post","type-post","status-publish","format-standard","has-post-thumbnail","hentry","category-politica","category-portada"],"jetpack_featured_media_url":"https:\/\/i0.wp.com\/cdnoticias.com\/wp-content\/uploads\/2022\/04\/galli-entrevista-00.jpg?fit=800%2C445&ssl=1","jetpack_sharing_enabled":true,"_links":{"self":[{"href":"https:\/\/cdnoticias.com\/index.php\/wp-json\/wp\/v2\/posts\/63110","targetHints":{"allow":["GET"]}}],"collection":[{"href":"https:\/\/cdnoticias.com\/index.php\/wp-json\/wp\/v2\/posts"}],"about":[{"href":"https:\/\/cdnoticias.com\/index.php\/wp-json\/wp\/v2\/types\/post"}],"author":[{"embeddable":true,"href":"https:\/\/cdnoticias.com\/index.php\/wp-json\/wp\/v2\/users\/4"}],"replies":[{"embeddable":true,"href":"https:\/\/cdnoticias.com\/index.php\/wp-json\/wp\/v2\/comments?post=63110"}],"version-history":[{"count":0,"href":"https:\/\/cdnoticias.com\/index.php\/wp-json\/wp\/v2\/posts\/63110\/revisions"}],"wp:featuredmedia":[{"embeddable":true,"href":"https:\/\/cdnoticias.com\/index.php\/wp-json\/wp\/v2\/media\/52642"}],"wp:attachment":[{"href":"https:\/\/cdnoticias.com\/index.php\/wp-json\/wp\/v2\/media?parent=63110"}],"wp:term":[{"taxonomy":"category","embeddable":true,"href":"https:\/\/cdnoticias.com\/index.php\/wp-json\/wp\/v2\/categories?post=63110"},{"taxonomy":"post_tag","embeddable":true,"href":"https:\/\/cdnoticias.com\/index.php\/wp-json\/wp\/v2\/tags?post=63110"}],"curies":[{"name":"wp","href":"https:\/\/api.w.org\/{rel}","templated":true}]}}