{"id":63102,"date":"2022-08-24T18:00:10","date_gmt":"2022-08-24T21:00:10","guid":{"rendered":"https:\/\/www.centraldenoticias.com.ar\/?p=63102"},"modified":"2022-08-24T19:51:09","modified_gmt":"2022-08-24T22:51:09","slug":"por-que-apostamos-por-la-separacion-de-residuos","status":"publish","type":"post","link":"https:\/\/cdnoticias.com\/index.php\/2022\/08\/24\/por-que-apostamos-por-la-separacion-de-residuos\/","title":{"rendered":"\u00bfPor qu\u00e9 apostamos por la separaci\u00f3n de residuos?"},"content":{"rendered":"<p>El martes 2 de agosto, 12 integrantes del equipo GIRO nos convertimos -por una noche- en recolectores de residuos reciclables. Como parte de nuestra metodolog\u00eda de trabajo, cuando tenemos una duda o inquietud, experimentamos.<!--more--><\/p>\n<hr \/>\n<p>Para darle un GIRO a nuestros residuos tenemos que estar todos comprometidos. No es solamente una frase linda y con gancho, es una verdad. A diferencia de otros servicios p\u00fablicos, el \u00f3ptimo funcionamiento de la recolecci\u00f3n de residuos depende de que cada uno de nosotros haga su parte con<strong> responsabilidad y conciencia ciudadana<\/strong>. Una ciudad m\u00e1s limpia y sustentable no se logra sola, requiere un <strong>cambio de paradigma<\/strong> y un <strong>compromiso cotidiano<\/strong> que nos reeduque y nos haga reaprender h\u00e1bitos profundamente arraigados en nuestra comunidad.<\/p>\n<p>&nbsp;<\/p>\n<p>El cambio de servicio de recolecci\u00f3n de basura a<strong> recolecci\u00f3n de residuos diferenciados en tres corrientes<\/strong> es pronunciado y la curva de aprendizaje puede ser engorrosa en los primeros d\u00edas; sin embargo, este esfuerzo es necesario en cada uno de nuestros hogares y comercios. En esta columna hoy, queremos explicar por qu\u00e9.<\/p>\n<p>&nbsp;<\/p>\n<p>A lo largo de los dos primeros a\u00f1os de trabajo en las zonas de Prueba Piloto nos preguntamos cada semana c\u00f3mo ser\u00eda la recolecci\u00f3n de residuos reciclables y compostables si no se contaminaran con la basura que a\u00fan siguen disponiendo los<strong> hogares y comercios que no se deciden a participar de la separaci\u00f3n.<\/strong><\/p>\n<p>&nbsp;<\/p>\n<p>Los problemas de sacar basura en los d\u00edas de recolecci\u00f3n de reciclables y compostables son muchos y variados, entre los m\u00e1s importantes se destacan: la <strong>contaminaci\u00f3n de los materiales<\/strong> -que impiden su reciclaje o compostaje-, las<strong> peores condiciones de trabajo tanto para los recolectores como para los trabajadores<\/strong> de la Planta de Clasificaci\u00f3n -que deben manipular basura cada vez que el cami\u00f3n descarga los residuos mezclados- y el<strong> desaprovechamiento de los recursos p\u00fablicos destinados a la recolecci\u00f3n diferenciada<\/strong> y la dificultad que le genera a los monitores de GIRO (m\u00e1s adelante van a entender de que se trata).<\/p>\n<p>&nbsp;<\/p>\n<p><img data-recalc-dims=\"1\" loading=\"lazy\" decoding=\"async\" class=\"aligncenter wp-image-63105 size-large\" src=\"https:\/\/i0.wp.com\/cdnoticias.com\/wp-content\/uploads\/2022\/08\/Enfardando.jpg?resize=800%2C480&#038;ssl=1\" alt=\"\" width=\"800\" height=\"480\" srcset=\"https:\/\/i0.wp.com\/cdnoticias.com\/wp-content\/uploads\/2022\/08\/Enfardando-scaled.jpg?resize=1024%2C614&amp;ssl=1 1024w, https:\/\/i0.wp.com\/cdnoticias.com\/wp-content\/uploads\/2022\/08\/Enfardando-scaled.jpg?resize=300%2C180&amp;ssl=1 300w, https:\/\/i0.wp.com\/cdnoticias.com\/wp-content\/uploads\/2022\/08\/Enfardando-scaled.jpg?resize=768%2C461&amp;ssl=1 768w, https:\/\/i0.wp.com\/cdnoticias.com\/wp-content\/uploads\/2022\/08\/Enfardando-scaled.jpg?resize=1536%2C922&amp;ssl=1 1536w, https:\/\/i0.wp.com\/cdnoticias.com\/wp-content\/uploads\/2022\/08\/Enfardando-scaled.jpg?resize=2048%2C1229&amp;ssl=1 2048w, https:\/\/i0.wp.com\/cdnoticias.com\/wp-content\/uploads\/2022\/08\/Enfardando-scaled.jpg?w=1600&amp;ssl=1 1600w, https:\/\/i0.wp.com\/cdnoticias.com\/wp-content\/uploads\/2022\/08\/Enfardando-scaled.jpg?w=2400&amp;ssl=1 2400w\" sizes=\"auto, (max-width: 800px) 100vw, 800px\" \/><\/p>\n<p>&nbsp;<\/p>\n<p><strong>Recolectores por una noche: planificar para no entorpecer<\/strong><\/p>\n<p>&nbsp;<\/p>\n<p>El experimento comenz\u00f3 varias semanas antes con su dise\u00f1o y planificaci\u00f3n: \u00bfC\u00f3mo lo vamos a hacer? \u00bfQu\u00e9 tenemos que hacer? \u00bfQu\u00e9 necesitamos para hacerlo? Nos reunimos varias veces, muchas horas y, entre post-its, mapas, pizarras y fibrones de colores definimos las rutas y la modalidad de recolecci\u00f3n.<\/p>\n<p>&nbsp;<\/p>\n<p>Como se imaginar\u00e1n, ninguno de nosotros es chofer ni colero de un cami\u00f3n recolector, pero en todo este tiempo de trabajo sostenido y codo a codo junto a ellos, algo aprendimos: conocimos sus rutas, su velocidad de recolecci\u00f3n, sus conocimientos de cada cuadra y cada hogar. Tambi\u00e9n entendimos que<strong> no debemos entorpecerlos con nuestros experimentos<\/strong> (en realidad, a nadie le gusta ser entorpecido en sus tareas). Por eso, a esta iniciativa, ten\u00edamos que realizarla dentro de un horario especifico y delimitado, <strong>la recolecci\u00f3n deb\u00eda llevarse a cabo entre las 20 y las 21 horas<\/strong>, ni m\u00e1s ni menos, antes de que el cami\u00f3n saliera a hacer su ruta habitual. No somos profesionales en la materia, as\u00ed que levantar los reciclables de 500 hogares en menos de una hora implicaba un desaf\u00edo enorme. <strong>Sin contar que adem\u00e1s de recolectar, primero ten\u00edamos que \u201cmonitorear\u201d los materiales.<\/strong><\/p>\n<p>&nbsp;<\/p>\n<p>El monitoreo es una pr\u00e1ctica que realizamos en las zonas Piloto. De hecho, nos pueden haber visto haci\u00e9ndola.<strong> Consiste en contabilizar la cantidad de hogares y comercios que sacaron residuos en determinado d\u00eda e identificar el tipo de material que dispusieron<\/strong>. De esta manera, sabemos<strong> cu\u00e1l es el porcentaje de los hogares que participan en la separaci\u00f3n.<\/strong> Ahora bien, seg\u00fan nuestra estrategia, monitorear las 18 manzanas que comprenden los 500 hogares de San Vicente ubicados entre Lavalle \u2013 Pueyrred\u00f3n \u2013 Del Valle y Rivadavia, deb\u00eda ocuparnos solo unos 20 minutos, porque el tiempo restante ten\u00eda que ser utilizado en la recolecci\u00f3n. As\u00ed, nos dividimos en corredores y monitores y a medida que cada uno finalizaba su monitoreo, pod\u00eda unirse -dependiendo de su estado f\u00edsico- a quienes corr\u00edan para ayudar en la recolecci\u00f3n.<\/p>\n<p>&nbsp;<\/p>\n<p><img data-recalc-dims=\"1\" loading=\"lazy\" decoding=\"async\" class=\"aligncenter wp-image-63104 size-large\" src=\"https:\/\/i0.wp.com\/cdnoticias.com\/wp-content\/uploads\/2022\/08\/Fardo-cartones.jpg?resize=800%2C480&#038;ssl=1\" alt=\"\" width=\"800\" height=\"480\" srcset=\"https:\/\/i0.wp.com\/cdnoticias.com\/wp-content\/uploads\/2022\/08\/Fardo-cartones.jpg?resize=1024%2C615&amp;ssl=1 1024w, https:\/\/i0.wp.com\/cdnoticias.com\/wp-content\/uploads\/2022\/08\/Fardo-cartones.jpg?resize=300%2C180&amp;ssl=1 300w, https:\/\/i0.wp.com\/cdnoticias.com\/wp-content\/uploads\/2022\/08\/Fardo-cartones.jpg?resize=768%2C461&amp;ssl=1 768w, https:\/\/i0.wp.com\/cdnoticias.com\/wp-content\/uploads\/2022\/08\/Fardo-cartones.jpg?resize=1536%2C922&amp;ssl=1 1536w, https:\/\/i0.wp.com\/cdnoticias.com\/wp-content\/uploads\/2022\/08\/Fardo-cartones.jpg?w=2048&amp;ssl=1 2048w, https:\/\/i0.wp.com\/cdnoticias.com\/wp-content\/uploads\/2022\/08\/Fardo-cartones.jpg?w=1600&amp;ssl=1 1600w\" sizes=\"auto, (max-width: 800px) 100vw, 800px\" \/><\/p>\n<p>&nbsp;<\/p>\n<p><strong>Vislumbrar el \u00e9xito de la planificaci\u00f3n<\/strong><\/p>\n<p>&nbsp;<\/p>\n<p>Cuando comenz\u00f3 la acci\u00f3n, la adrenalina fue tal que el monitoreo nos llev\u00f3 menos de lo esperado. Esto nos dio m\u00e1s tiempo para levantar los reciclables entre m\u00e1s personas. A la par de quienes corr\u00edamos, un compa\u00f1ero manejaba la camioneta y otra compa\u00f1era iba dictando la ruta que hab\u00edamos grabado en el GPS. La camioneta estaba especialmente preparada para la ocasi\u00f3n con un carro que d\u00edas antes hab\u00eda sido acondicionado. Nada fue improvisado (o casi nada). <strong>Nos aseguramos de identificarnos y protegernos con chalecos refractarios, guantes de seguridad y linternas<\/strong>. Nos preparamos mental, f\u00edsica y espiritualmente.\u00a0 La noche era fr\u00eda y h\u00fameda, hasta que nos lanzamos a correr y entramos en calor.<\/p>\n<p>&nbsp;<\/p>\n<p>La emoci\u00f3n y la euforia al ver la cantidad y la calidad del material que tir\u00e1bamos en el carro invadieron nuestros sentidos, para este entonces dos compa\u00f1eros m\u00e1s se hab\u00edan sumado a la aventura, ahora \u00e9ramos 12. Cerca de las 9 de la noche nos cruzamos con el cami\u00f3n recolector, esto significaba que ten\u00edamos que terminar pronto para no estorbar. As\u00ed lo hicimos: \u201c\u00a1Qu\u00e9 divertido!\u201d, \u201c\u00a1Qu\u00e9 bien me sent\u00ed bien f\u00edsicamente!\u201d, \u201c\u00a1El cami\u00f3n nos pisaba los talones!\u201d, \u201c\u00a1Llenamos el carro!\u201d, eran algunas de las frases que se escuchaban cuando terminamos.<\/p>\n<p>&nbsp;<\/p>\n<p>Nos alentamos, nos acompa\u00f1amos y nos maravillamos con los resultados obtenidos: <strong>350kg de reciclables perfectamente separados, limpios y secos, en 500 hogares.<\/strong><\/p>\n<p>&nbsp;<\/p>\n<p>A simple vista el experimento confirmaba nuestras hip\u00f3tesis:<strong> si no se sacara basura en los d\u00edas de reciclables, podr\u00edamos recuperar aproximadamente 1600kg de material por semana entre todos los pilotos.<\/strong> Adem\u00e1s, si participaran todos los hogares y comercios, esa cifra podr\u00eda -al menos- hasta duplicarse.<\/p>\n<p>&nbsp;<\/p>\n<p>Al contrario, si el cambio de h\u00e1bito no ocurre, gran parte de ese material se recolecta contaminado y perjudica las condiciones de trabajo de recolectores, trabajadores y monitores. Por eso <strong>sabemos que una ciudad sustentable no se logra sola.<\/strong><\/p>\n<p>&nbsp;<\/p>\n<p><em>Equipo GIRO.<\/em><\/p>\n","protected":false},"excerpt":{"rendered":"<p>El martes 2 de agosto, 12 integrantes del equipo GIRO nos convertimos -por una noche- en recolectores de residuos reciclables.<\/p>\n","protected":false},"author":5,"featured_media":63103,"comment_status":"closed","ping_status":"closed","sticky":false,"template":"","format":"standard","meta":{"_jetpack_memberships_contains_paid_content":false,"footnotes":""},"categories":[5,1],"tags":[],"class_list":["post-63102","post","type-post","status-publish","format-standard","has-post-thumbnail","hentry","category-informacion-general","category-portada"],"jetpack_featured_media_url":"https:\/\/i0.wp.com\/cdnoticias.com\/wp-content\/uploads\/2022\/08\/PILOTO-RECICLABLES.-Carro-cargado.jpeg?fit=768%2C460&ssl=1","jetpack_sharing_enabled":true,"_links":{"self":[{"href":"https:\/\/cdnoticias.com\/index.php\/wp-json\/wp\/v2\/posts\/63102","targetHints":{"allow":["GET"]}}],"collection":[{"href":"https:\/\/cdnoticias.com\/index.php\/wp-json\/wp\/v2\/posts"}],"about":[{"href":"https:\/\/cdnoticias.com\/index.php\/wp-json\/wp\/v2\/types\/post"}],"author":[{"embeddable":true,"href":"https:\/\/cdnoticias.com\/index.php\/wp-json\/wp\/v2\/users\/5"}],"replies":[{"embeddable":true,"href":"https:\/\/cdnoticias.com\/index.php\/wp-json\/wp\/v2\/comments?post=63102"}],"version-history":[{"count":0,"href":"https:\/\/cdnoticias.com\/index.php\/wp-json\/wp\/v2\/posts\/63102\/revisions"}],"wp:featuredmedia":[{"embeddable":true,"href":"https:\/\/cdnoticias.com\/index.php\/wp-json\/wp\/v2\/media\/63103"}],"wp:attachment":[{"href":"https:\/\/cdnoticias.com\/index.php\/wp-json\/wp\/v2\/media?parent=63102"}],"wp:term":[{"taxonomy":"category","embeddable":true,"href":"https:\/\/cdnoticias.com\/index.php\/wp-json\/wp\/v2\/categories?post=63102"},{"taxonomy":"post_tag","embeddable":true,"href":"https:\/\/cdnoticias.com\/index.php\/wp-json\/wp\/v2\/tags?post=63102"}],"curies":[{"name":"wp","href":"https:\/\/api.w.org\/{rel}","templated":true}]}}