{"id":63069,"date":"2022-08-23T20:10:53","date_gmt":"2022-08-23T23:10:53","guid":{"rendered":"https:\/\/www.centraldenoticias.com.ar\/?p=63069"},"modified":"2022-08-23T21:01:03","modified_gmt":"2022-08-24T00:01:03","slug":"un-grupo-de-medicos-pillos-factura-por-otro-lado-la-guardia-para-que-no-los-tome-ganancias","status":"publish","type":"post","link":"https:\/\/cdnoticias.com\/index.php\/2022\/08\/23\/un-grupo-de-medicos-pillos-factura-por-otro-lado-la-guardia-para-que-no-los-tome-ganancias\/","title":{"rendered":"&#8220;Un grupo de m\u00e9dicos pillos factura por otro lado la Guardia para que no los tome Ganancias&#8221;"},"content":{"rendered":"<p>As\u00ed lo denunci\u00f3 Jos\u00e9 Stuppia, titular del Sindicato de Trabajadores Municipales en dialogo con Radio Olavarr\u00eda. Tambi\u00e9n mencion\u00f3 como &#8220;repetitiva&#8221; la problem\u00e1tica de la indumentaria laboral<!--more--><\/p>\n<hr \/>\n<p>Este martes por la ma\u00f1ana<b>\u00a0Jos\u00e9 Stuppia, titular del Sindicato de Trabajadores Municipales<\/b> dialog\u00f3 con Radio Olavarr\u00eda sobre las<a href=\"https:\/\/cdnoticias.com\/index.php\/2022\/08\/12\/el-sindicato-de-trabajadores-municipales-declaro-estado-de-asamblea-permanente-y-movilizacion\/\" target=\"_blank\" rel=\"noopener\"> medidas de fuerza que comenzaron la semana pasada<\/a> ante la falta de respuesta del ejecutivo sobre la entrega de indumentaria, entre otras demandas. All\u00ed, revel\u00f3 que un grupo de m\u00e9dicos factura como proveedor para evitar pagar el Impuesto a las Ganacias: &#8220;eso no se hace&#8221; dijo el gremialista.<\/p>\n<p>&nbsp;<\/p>\n<p>Entre varios ejemplos cont\u00f3 que &#8220;<strong>los compa\u00f1eros de la oficina de Desarrollo no tienen calefacci\u00f3n.<\/strong> Est\u00e1n trabajando todo el invierno casi imposible con el fr\u00edo que hace ah\u00ed adentro y no hay soluci\u00f3n. Adem\u00e1s hay muchos sectores donde no se cumplen el tema de Seguridad e Higiene. Vas a los Palacios y <strong>no pod\u00e9s distinguir qui\u00e9n es contribuyente y qui\u00e9n es empleado p\u00fablico<\/strong>&#8221; dijo Stuppia haciendo referencia a la vestimenta.<\/p>\n<p>&nbsp;<\/p>\n<p>Adem\u00e1s en relaci\u00f3n a la indumentaria agreg\u00f3 que &#8220;<strong>en enfermer\u00eda no se hace cuanto que no se le entrega indumentaria.<\/strong> <strong>No podes distinguir quien es el m\u00e9dico, el enfermero o el empleado administrativo&#8221;.<\/strong><\/p>\n<p>&nbsp;<\/p>\n<p>Sobre esto, el intendente <strong>Ezequiel Galli<\/strong> argument\u00f3 en entrevistas period\u00edsticas que los proveedores no hab\u00edan podido cubrir esas licitaciones por el <strong>problema de los d\u00f3lares<\/strong>. &#8220;Como dec\u00eda Arist\u00f3teles, la \u00fanica verdad es la realidad y<strong> la realidad es que hace much\u00edsimo tiempo cuando hab\u00eda d\u00f3lares no hab\u00eda ropa tampoco<\/strong>. No viene de ahora, viene de hace tiempo, entonces tratamos de consensuar para que<strong> los trabajadores puedan tener la indumentaria que corresponde<\/strong>&#8221; respondi\u00f3 Stuppia y agreg\u00f3 que &#8220;en las licitaciones para la ropa de los obreros (por ejemplo) siempre gana el que tiene m\u00e1s bajo precio, pero <strong>tampoco se controla la calidad<\/strong>. Se hacen malas inversiones, se gasta mal la plata&#8221;.<\/p>\n<p>&nbsp;<\/p>\n<p>&#8220;<strong>La ropa de los enfermeros es transparente. Los obreros la lavan dos veces y se rompe, se gasta<\/strong> entonces vemos que por ah\u00ed <strong>habr\u00eda que prestar mucha m\u00e1s atenci\u00f3n cuando se hace una licitaci\u00f3n<\/strong> <strong>y c\u00f3mo es la ropa<\/strong>, pero como la ropa es para el trabajador no se toma en cuenta. <strong>No hay una empat\u00eda hacia el recurso humano como pretende la organizaci\u00f3n sindical&#8221;<\/strong> explic\u00f3 el titular del Sindicato de Trabajadores Municipales.<\/p>\n<p>&nbsp;<\/p>\n<p>Por otro lado, <strong>Jos\u00e9 Stuppia denunci\u00f3 que algunas negociaciones van por fuera de la mesa que ellos plantean<\/strong>: &#8220;Nosotros somos muy claros cuando negociamos. Las negociaciones pasan por la mesa de negociaci\u00f3n, pero por ejemplo <strong>hay guardias que se absorben por Ganancias. Entonces un grupo de m\u00e9dicos pillos facturan por otro lado la Guardia para que no los tome Ganancias y el resto de los m\u00e9dicos los toman como tontos y facturan y le sacan ganancia del sueldo&#8221;.<\/strong><\/p>\n<p>&nbsp;<\/p>\n<p>&#8220;<strong>Se hizo a espalda de la mayor\u00eda de los m\u00e9dicos. Eso no se hace. Nos toman a todos por tontos<\/strong>. Lo descubrimos hace 15 d\u00edas. Que haya igualdad y que tengan el mismo tratamiento todos los trabajadores&#8221; agreg\u00f3.<\/p>\n<p>&nbsp;<\/p>\n<p>Sobre la <strong>contestaci\u00f3n de parte del Ejecutivo<\/strong> explic\u00f3 que &#8220;vas a negociar para charlar y mejorar las cosas y que ma\u00f1ana, que pasado, <strong>te dan vueltas. Llega un momento que dec\u00eds hasta ac\u00e1 llegamos. Levant\u00e1s el tel\u00e9fono no te atienden, tardan 15 d\u00edas en contestarte. Entonces me parece un atropello la organizaci\u00f3n. Esas son las respuestas&#8221;.<\/strong><\/p>\n<p>&nbsp;<\/p>\n<p>Por \u00faltimo pidi\u00f3 que<strong> &#8220;no le echen la culpa a los trabajadores y a las trabajadoras. Son decisiones fundamentalmente del Ejecutivo<\/strong>&#8221; y agreg\u00f3 que &#8220;estamos tratando de trabajar en<strong> fortalecer los derechos de los compa\u00f1eras y compa\u00f1eros<\/strong> pero<strong> no nos gusta a nosotros estar en conflicto. Es el \u00faltimo recurso, esto es fracaso de la pol\u00edtica&#8221;.<\/strong><\/p>\n<p>&nbsp;<\/p>\n","protected":false},"excerpt":{"rendered":"<p>As\u00ed lo denunci\u00f3 Jos\u00e9 Stuppia, titular del Sindicato de Trabajadores Municipales en dialogo con Radio Olavarr\u00eda. Tambi\u00e9n mencion\u00f3 como &#8220;repetitiva&#8221;<\/p>\n","protected":false},"author":6,"featured_media":57444,"comment_status":"closed","ping_status":"closed","sticky":false,"template":"","format":"standard","meta":{"_jetpack_memberships_contains_paid_content":false,"footnotes":""},"categories":[4,1],"tags":[],"class_list":["post-63069","post","type-post","status-publish","format-standard","has-post-thumbnail","hentry","category-politica","category-portada"],"jetpack_featured_media_url":"https:\/\/i0.wp.com\/cdnoticias.com\/wp-content\/uploads\/2022\/06\/municipales-stmo-stuppia-00.jpg?fit=800%2C445&ssl=1","jetpack_sharing_enabled":true,"_links":{"self":[{"href":"https:\/\/cdnoticias.com\/index.php\/wp-json\/wp\/v2\/posts\/63069","targetHints":{"allow":["GET"]}}],"collection":[{"href":"https:\/\/cdnoticias.com\/index.php\/wp-json\/wp\/v2\/posts"}],"about":[{"href":"https:\/\/cdnoticias.com\/index.php\/wp-json\/wp\/v2\/types\/post"}],"author":[{"embeddable":true,"href":"https:\/\/cdnoticias.com\/index.php\/wp-json\/wp\/v2\/users\/6"}],"replies":[{"embeddable":true,"href":"https:\/\/cdnoticias.com\/index.php\/wp-json\/wp\/v2\/comments?post=63069"}],"version-history":[{"count":0,"href":"https:\/\/cdnoticias.com\/index.php\/wp-json\/wp\/v2\/posts\/63069\/revisions"}],"wp:featuredmedia":[{"embeddable":true,"href":"https:\/\/cdnoticias.com\/index.php\/wp-json\/wp\/v2\/media\/57444"}],"wp:attachment":[{"href":"https:\/\/cdnoticias.com\/index.php\/wp-json\/wp\/v2\/media?parent=63069"}],"wp:term":[{"taxonomy":"category","embeddable":true,"href":"https:\/\/cdnoticias.com\/index.php\/wp-json\/wp\/v2\/categories?post=63069"},{"taxonomy":"post_tag","embeddable":true,"href":"https:\/\/cdnoticias.com\/index.php\/wp-json\/wp\/v2\/tags?post=63069"}],"curies":[{"name":"wp","href":"https:\/\/api.w.org\/{rel}","templated":true}]}}