{"id":6306,"date":"2020-11-13T08:35:20","date_gmt":"2020-11-13T11:35:20","guid":{"rendered":"http:\/\/www.centraldenoticias.com.ar\/?p=6306"},"modified":"2020-11-13T08:35:20","modified_gmt":"2020-11-13T11:35:20","slug":"malestar-en-escuelas-privadas-por-la-demora-en-diputados-para-tratar-la-ayuda-extraordinaria","status":"publish","type":"post","link":"https:\/\/cdnoticias.com\/index.php\/2020\/11\/13\/malestar-en-escuelas-privadas-por-la-demora-en-diputados-para-tratar-la-ayuda-extraordinaria\/","title":{"rendered":"Malestar en escuelas privadas por la demora en Diputados para tratar la \u201cayuda extraordinaria\u201d"},"content":{"rendered":"<p>Una consulta ante la Direcci\u00f3n general de Cultura y Educaci\u00f3n demor\u00f3 el ingres\u00f3 del tema al recinto. D\u00edas atr\u00e1s hab\u00edan requerido adem\u00e1s ingresar en el plan Ahora 12.<\/p>\n<p><!--more--><\/p>\n<hr \/>\n<p>La Comisi\u00f3n de Educaci\u00f3n de la C\u00e1mara de Diputados Bonaerense trat\u00f3 la ayuda extraordinaria para las escuelas privadas -que ya tiene media sanci\u00f3n en Senadores- pero posterg\u00f3 su tratamiento en el recinto al hacer una consulta a la Direcci\u00f3n General de Cultura y Educaci\u00f3n, lo que provoc\u00f3 <strong>\u201cmalestar\u201d e \u201cincertidumbre\u201d en el sector educativo, uno de los m\u00e1s golpeados por la pandemia a ra\u00edz de la alta morosidad en el pago de cuotas.<\/strong><\/p>\n<p>&nbsp;<\/p>\n<p><strong>\u201cAnte la grave crisis que sufrimos es necesario contar con el compromiso de los legisladores para ayudar a mantener en pie a miles de escuelas privadas bonaerenses\u201d<\/strong>, dijo el secretario ejecutivo de la Asociaci\u00f3n de Institutos de Ense\u00f1anza Privada de la Provincia de Buenos Aires (AIEPBA), Martin Zurita, quien record\u00f3 que <strong>en el presente a\u00f1o ya cerraron 56 establecimientos y 80 est\u00e1n en \u201cuna situaci\u00f3n muy cr\u00edtica, al borde del cierre\u201d.<\/strong><\/p>\n<p>&nbsp;<\/p>\n<p><strong>\u201cNo estamos de acuerdo con seguir postergando esta definici\u00f3n porque cada d\u00eda que pasa es una escuela m\u00e1s que debe tomar decisiones que nadie quiere<\/strong>. No necesitamos dilaciones sino soluciones, sea cual sea, no importa el color pol\u00edtico, porque ac\u00e1 est\u00e1 en juego la educaci\u00f3n y la supervivencia de cientos de proyectos educativos\u201d, agreg\u00f3.<\/p>\n<p>&nbsp;<\/p>\n<p>Seg\u00fan fuentes legislativas, en la Comisi\u00f3n de Educaci\u00f3n \u2013donde se trata la iniciativa- los bloques de Juntos por el Cambio y Cambio Federal votaron a favor del proyecto, el Frente de Izquierda se abstuvo y el <strong>Frente de Todos, quien tiene mayor\u00eda, reconoci\u00f3 la problem\u00e1tica pero pidi\u00f3 tiempo para consultar al Poder Ejecutivo e intentar construir soluciones.<\/strong><\/p>\n<p>&nbsp;<\/p>\n<p>\u201cSi bien la situaci\u00f3n que ya padec\u00eda el sector a comienzo de la cuarentena ya era dif\u00edcil respecto a las dificultades econ\u00f3mico financieras, estos aspectos se\u00a0 han agravado con el paso de los meses, <strong>llegando al mes de noviembre con 56 cierres de escuelas, otras 80 con riesgo serio de cierre y vislumbrando un 2021 con m\u00e1s cierres parciales y totales<\/strong>\u201d, anticip\u00f3 Zurita.<\/p>\n<p>&nbsp;<\/p>\n<p>\u201cDesde marzo a la fecha viene reduci\u00e9ndose el porcentaje de recaudaci\u00f3n por aranceles, que es una de las dos fuentes de ingresos genuinos de los establecimientos.<strong> Las dificultades de las familias, sobre todo en los sectores de menores recursos, impactan de manera directa en el cumplimiento de sus obligaciones con los colegios<\/strong>\u201d, finaliz\u00f3 el secretario Ejecutivo de AIEPBA.<\/p>\n<p>&nbsp;<\/p>\n<p><em><strong>Ahora12<\/strong><\/em><\/p>\n<p>&nbsp;<\/p>\n<p>Por otra parte, d\u00edas atr\u00e1s y por medio de la CAME, la Confederaci\u00f3n Argentina de la Mediana Empresa, las escuelas privadas hab\u00edan requerido ingresar al programa Ahora12.<\/p>\n<p>&nbsp;<\/p>\n<p><strong>\u201cEn septiembre hicimos el pedido al Ministerio de Producci\u00f3n y a la Secretar\u00eda de Comercio del Interior por el Ahora 12, junto con la JUNEP a trav\u00e9s de CAME, y lamentablemente seguimos esperando una respuesta favorable\u201d<\/strong>, dijo en declaraciones radiales Martin Rozas, directivo de la entidad, quien agreg\u00f3 que \u201cestamos insistiendo porque ser\u00eda de una gran ayuda para las familias deudores y las escuelas, que estamos atravesando este momento tan dif\u00edcil\u201d.<\/p>\n<p>&nbsp;<\/p>\n<p><strong>\u201cAlgunos colegios dejaron de pagar cargas sociales, acuerdan pagar un poco menos para poder pagar los sueldos de sus trabajadores o toman diferentes deudas para poder cumplir. Sabemos que el personal docente est\u00e1 siempre poniendo el hombre pero a veces no podemos afrontar todos los compromisos\u201d<\/strong>, finaliz\u00f3 el vocal de la Asociaci\u00f3n de Institutos de Ense\u00f1anza Privada de la Provincia de Buenos Aires.<\/p>\n","protected":false},"excerpt":{"rendered":"<p>Una consulta ante la Direcci\u00f3n general de Cultura y Educaci\u00f3n demor\u00f3 el ingres\u00f3 del tema al recinto. D\u00edas atr\u00e1s hab\u00edan<\/p>\n","protected":false},"author":3,"featured_media":6307,"comment_status":"closed","ping_status":"closed","sticky":false,"template":"","format":"standard","meta":{"_jetpack_memberships_contains_paid_content":false,"footnotes":""},"categories":[6,1],"tags":[],"class_list":["post-6306","post","type-post","status-publish","format-standard","has-post-thumbnail","hentry","category-nacionales","category-portada"],"jetpack_featured_media_url":"https:\/\/i0.wp.com\/cdnoticias.com\/wp-content\/uploads\/2020\/11\/EmoHzeOXcAASlN7.jpg?fit=1200%2C675&ssl=1","jetpack_sharing_enabled":true,"_links":{"self":[{"href":"https:\/\/cdnoticias.com\/index.php\/wp-json\/wp\/v2\/posts\/6306","targetHints":{"allow":["GET"]}}],"collection":[{"href":"https:\/\/cdnoticias.com\/index.php\/wp-json\/wp\/v2\/posts"}],"about":[{"href":"https:\/\/cdnoticias.com\/index.php\/wp-json\/wp\/v2\/types\/post"}],"author":[{"embeddable":true,"href":"https:\/\/cdnoticias.com\/index.php\/wp-json\/wp\/v2\/users\/3"}],"replies":[{"embeddable":true,"href":"https:\/\/cdnoticias.com\/index.php\/wp-json\/wp\/v2\/comments?post=6306"}],"version-history":[{"count":0,"href":"https:\/\/cdnoticias.com\/index.php\/wp-json\/wp\/v2\/posts\/6306\/revisions"}],"wp:featuredmedia":[{"embeddable":true,"href":"https:\/\/cdnoticias.com\/index.php\/wp-json\/wp\/v2\/media\/6307"}],"wp:attachment":[{"href":"https:\/\/cdnoticias.com\/index.php\/wp-json\/wp\/v2\/media?parent=6306"}],"wp:term":[{"taxonomy":"category","embeddable":true,"href":"https:\/\/cdnoticias.com\/index.php\/wp-json\/wp\/v2\/categories?post=6306"},{"taxonomy":"post_tag","embeddable":true,"href":"https:\/\/cdnoticias.com\/index.php\/wp-json\/wp\/v2\/tags?post=6306"}],"curies":[{"name":"wp","href":"https:\/\/api.w.org\/{rel}","templated":true}]}}