{"id":63038,"date":"2022-08-23T12:35:20","date_gmt":"2022-08-23T15:35:20","guid":{"rendered":"https:\/\/www.centraldenoticias.com.ar\/?p=63038"},"modified":"2022-08-23T18:30:37","modified_gmt":"2022-08-23T21:30:37","slug":"abuso-sexual-un-olavarriense-fue-condenado-a-mas-de-cinco-anos-de-prision","status":"publish","type":"post","link":"https:\/\/cdnoticias.com\/index.php\/2022\/08\/23\/abuso-sexual-un-olavarriense-fue-condenado-a-mas-de-cinco-anos-de-prision\/","title":{"rendered":"Abuso sexual: un olavarriense fue condenado a m\u00e1s de cinco a\u00f1os de prisi\u00f3n"},"content":{"rendered":"<p>Se trata de Enrique Oscar G\u00f3mez de 75 a\u00f1os. Los hechos se dieron entre 2016 y 2017. La agrupaci\u00f3n Animate difundi\u00f3 la condena del Tribunal Oral 1 de Azul.<\/p>\n<p><!--more--><\/p>\n<hr \/>\n<p><strong>Un olavarriense fue condenado por \u201cabuso sexual gravemente ultrajante\u201d a la pena de cinco a\u00f1os y 10 meses de prisi\u00f3n.<\/strong><\/p>\n<p>&nbsp;<\/p>\n<p>Se trata de <strong>Enrique Oscar G\u00f3mez de 75 a\u00f1os<\/strong>, quien cumplir\u00e1 la condena en su domicilio ya que padece una enfermedad terminal.<\/p>\n<p>&nbsp;<\/p>\n<p><img data-recalc-dims=\"1\" loading=\"lazy\" decoding=\"async\" class=\"size-full wp-image-63043 aligncenter\" src=\"https:\/\/i0.wp.com\/cdnoticias.com\/wp-content\/uploads\/2022\/08\/condena-gomez-enrique-oscar-abuso-sexual-00.jpg?resize=800%2C277&#038;ssl=1\" alt=\"\" width=\"800\" height=\"277\" srcset=\"https:\/\/i0.wp.com\/cdnoticias.com\/wp-content\/uploads\/2022\/08\/condena-gomez-enrique-oscar-abuso-sexual-00.jpg?w=1001&amp;ssl=1 1001w, https:\/\/i0.wp.com\/cdnoticias.com\/wp-content\/uploads\/2022\/08\/condena-gomez-enrique-oscar-abuso-sexual-00.jpg?resize=300%2C104&amp;ssl=1 300w, https:\/\/i0.wp.com\/cdnoticias.com\/wp-content\/uploads\/2022\/08\/condena-gomez-enrique-oscar-abuso-sexual-00.jpg?resize=768%2C265&amp;ssl=1 768w\" sizes=\"auto, (max-width: 800px) 100vw, 800px\" \/><\/p>\n<p>&nbsp;<\/p>\n<p>La <strong>agrupaci\u00f3n Animate difundi\u00f3 la condena<\/strong> emitida por el <strong>Tribunal en lo Criminal Oral N\u00ba 1 de Azul<\/strong> que fue integrado de forma unipersonal por el juez subrogante Luis Mar\u00eda Ram\u00f3n Surget.<\/p>\n<p>&nbsp;<\/p>\n<p>Los hechos juzgados se dieron <strong>entre febrero de 2016 y octubre de 2017<\/strong> contra una v\u00edctima quien denunci\u00f3 el caso en 2017.<\/p>\n","protected":false},"excerpt":{"rendered":"<p>Se trata de Enrique Oscar G\u00f3mez de 75 a\u00f1os. Los hechos se dieron entre 2016 y 2017. La agrupaci\u00f3n Animate<\/p>\n","protected":false},"author":4,"featured_media":12885,"comment_status":"closed","ping_status":"closed","sticky":false,"template":"","format":"standard","meta":{"_jetpack_memberships_contains_paid_content":false,"footnotes":""},"categories":[14,1],"tags":[],"class_list":["post-63038","post","type-post","status-publish","format-standard","has-post-thumbnail","hentry","category-policiales","category-portada"],"jetpack_featured_media_url":"https:\/\/i0.wp.com\/cdnoticias.com\/wp-content\/uploads\/2021\/02\/tribunales-e1748092128270.jpg?fit=791%2C417&ssl=1","jetpack_sharing_enabled":true,"_links":{"self":[{"href":"https:\/\/cdnoticias.com\/index.php\/wp-json\/wp\/v2\/posts\/63038","targetHints":{"allow":["GET"]}}],"collection":[{"href":"https:\/\/cdnoticias.com\/index.php\/wp-json\/wp\/v2\/posts"}],"about":[{"href":"https:\/\/cdnoticias.com\/index.php\/wp-json\/wp\/v2\/types\/post"}],"author":[{"embeddable":true,"href":"https:\/\/cdnoticias.com\/index.php\/wp-json\/wp\/v2\/users\/4"}],"replies":[{"embeddable":true,"href":"https:\/\/cdnoticias.com\/index.php\/wp-json\/wp\/v2\/comments?post=63038"}],"version-history":[{"count":0,"href":"https:\/\/cdnoticias.com\/index.php\/wp-json\/wp\/v2\/posts\/63038\/revisions"}],"wp:featuredmedia":[{"embeddable":true,"href":"https:\/\/cdnoticias.com\/index.php\/wp-json\/wp\/v2\/media\/12885"}],"wp:attachment":[{"href":"https:\/\/cdnoticias.com\/index.php\/wp-json\/wp\/v2\/media?parent=63038"}],"wp:term":[{"taxonomy":"category","embeddable":true,"href":"https:\/\/cdnoticias.com\/index.php\/wp-json\/wp\/v2\/categories?post=63038"},{"taxonomy":"post_tag","embeddable":true,"href":"https:\/\/cdnoticias.com\/index.php\/wp-json\/wp\/v2\/tags?post=63038"}],"curies":[{"name":"wp","href":"https:\/\/api.w.org\/{rel}","templated":true}]}}