{"id":6302,"date":"2020-11-12T15:35:44","date_gmt":"2020-11-12T18:35:44","guid":{"rendered":"http:\/\/www.centraldenoticias.com.ar\/?p=6302"},"modified":"2020-11-12T15:35:44","modified_gmt":"2020-11-12T18:35:44","slug":"detuvieron-a-un-hombre-de-37-anos-en-una-causa-de-violencia-de-genero","status":"publish","type":"post","link":"https:\/\/cdnoticias.com\/index.php\/2020\/11\/12\/detuvieron-a-un-hombre-de-37-anos-en-una-causa-de-violencia-de-genero\/","title":{"rendered":"Detuvieron a un hombre de 37 a\u00f1os en una causa de violencia de g\u00e9nero"},"content":{"rendered":"<p>Se lo acusa por los delitos de \u201cda\u00f1o\u201d, \u201camenazas\u201d y \u201ccoacci\u00f3n\u201d. La captura fue llevada adelante por agentes de la SubDDI local.<\/p>\n<p><!--more--><\/p>\n<hr \/>\n<p>En la tarde del \u00faltimo mi\u00e9rcoles personal de la SubDDI local llev\u00f3 adelante la detenci\u00f3n de un hombre de 37 a\u00f1os, a quien se lo acusa de ser autor de los <strong>delitos de \u201cda\u00f1o\u201d, \u201camenazas\u201d y \u201ccoacci\u00f3n\u201d, todo en concurso ideal y real de acciones, enmarcado todo en un contexto de violencia de g\u00e9nero.<\/strong><\/p>\n<p>&nbsp;<\/p>\n<p>As\u00ed fueron entendidos los hechos por la doctora Viviana Beyt\u00eda, fiscal titular de la secretar\u00eda de Violencia de G\u00e9nero, que a su vez tiene como coordinadora a la doctora Ver\u00f3nica Colombo. <strong>La detenci\u00f3n, a su vez, cont\u00f3 con el aval de la jueza de Garant\u00edas Fabiana San Rom\u00e1n.<\/strong><\/p>\n<p>&nbsp;<\/p>\n<p><img data-recalc-dims=\"1\" loading=\"lazy\" decoding=\"async\" class=\"alignnone size-full wp-image-6303\" src=\"https:\/\/i0.wp.com\/cdnoticias.com\/wp-content\/uploads\/2020\/11\/captura-genero.jpg?resize=800%2C461&#038;ssl=1\" alt=\"\" width=\"800\" height=\"461\" srcset=\"https:\/\/i0.wp.com\/cdnoticias.com\/wp-content\/uploads\/2020\/11\/captura-genero.jpg?w=815&amp;ssl=1 815w, https:\/\/i0.wp.com\/cdnoticias.com\/wp-content\/uploads\/2020\/11\/captura-genero.jpg?resize=300%2C173&amp;ssl=1 300w, https:\/\/i0.wp.com\/cdnoticias.com\/wp-content\/uploads\/2020\/11\/captura-genero.jpg?resize=768%2C443&amp;ssl=1 768w\" sizes=\"auto, (max-width: 800px) 100vw, 800px\" \/><\/p>\n<p>&nbsp;<\/p>\n<p>De acuerdo con lo que se a\u00f1adi\u00f3, la detenci\u00f3n fue dispuesta <strong>\u201cobedeciendo a la necesidad de resguardar\u00a0 a la mujer v\u00edctima de las conductas agresivas del sujeto\u201d.<\/strong><\/p>\n<p>&nbsp;<\/p>\n<p>El acusado permanece <strong>alojado en la sede de la SubDDI local<\/strong>.<\/p>\n<p>&nbsp;<\/p>\n","protected":false},"excerpt":{"rendered":"<p>Se lo acusa por los delitos de \u201cda\u00f1o\u201d, \u201camenazas\u201d y \u201ccoacci\u00f3n\u201d. La captura fue llevada adelante por agentes de la<\/p>\n","protected":false},"author":3,"featured_media":3356,"comment_status":"closed","ping_status":"closed","sticky":false,"template":"","format":"standard","meta":{"_jetpack_memberships_contains_paid_content":false,"footnotes":""},"categories":[5,1],"tags":[],"class_list":["post-6302","post","type-post","status-publish","format-standard","has-post-thumbnail","hentry","category-informacion-general","category-portada"],"jetpack_featured_media_url":"https:\/\/i0.wp.com\/cdnoticias.com\/wp-content\/uploads\/2020\/10\/SubDDI-Olavarr%C3%ADa.jpeg?fit=1040%2C780&ssl=1","jetpack_sharing_enabled":true,"_links":{"self":[{"href":"https:\/\/cdnoticias.com\/index.php\/wp-json\/wp\/v2\/posts\/6302","targetHints":{"allow":["GET"]}}],"collection":[{"href":"https:\/\/cdnoticias.com\/index.php\/wp-json\/wp\/v2\/posts"}],"about":[{"href":"https:\/\/cdnoticias.com\/index.php\/wp-json\/wp\/v2\/types\/post"}],"author":[{"embeddable":true,"href":"https:\/\/cdnoticias.com\/index.php\/wp-json\/wp\/v2\/users\/3"}],"replies":[{"embeddable":true,"href":"https:\/\/cdnoticias.com\/index.php\/wp-json\/wp\/v2\/comments?post=6302"}],"version-history":[{"count":0,"href":"https:\/\/cdnoticias.com\/index.php\/wp-json\/wp\/v2\/posts\/6302\/revisions"}],"wp:featuredmedia":[{"embeddable":true,"href":"https:\/\/cdnoticias.com\/index.php\/wp-json\/wp\/v2\/media\/3356"}],"wp:attachment":[{"href":"https:\/\/cdnoticias.com\/index.php\/wp-json\/wp\/v2\/media?parent=6302"}],"wp:term":[{"taxonomy":"category","embeddable":true,"href":"https:\/\/cdnoticias.com\/index.php\/wp-json\/wp\/v2\/categories?post=6302"},{"taxonomy":"post_tag","embeddable":true,"href":"https:\/\/cdnoticias.com\/index.php\/wp-json\/wp\/v2\/tags?post=6302"}],"curies":[{"name":"wp","href":"https:\/\/api.w.org\/{rel}","templated":true}]}}