{"id":63013,"date":"2022-08-23T07:51:25","date_gmt":"2022-08-23T10:51:25","guid":{"rendered":"https:\/\/www.centraldenoticias.com.ar\/?p=63013"},"modified":"2022-08-23T07:51:25","modified_gmt":"2022-08-23T10:51:25","slug":"agustin-ernesto-piccione-q-e-p-d","status":"publish","type":"post","link":"https:\/\/cdnoticias.com\/index.php\/2022\/08\/23\/agustin-ernesto-piccione-q-e-p-d\/","title":{"rendered":"Agust\u00edn Ernesto Piccione (Q.E.P.D.)"},"content":{"rendered":"<p>Falleci\u00f3 en Olavarr\u00eda el d\u00eda 22 de agosto de 2022 a los 76 a\u00f1os de edad. Su esposa Yolanda Guevara. Sus hijos Andrea, Cristina, Mariela y Sandra Piccione. Sus hijos pol\u00edticos Gustavo D&#8217;alessandro, Claudio Pinedo, Jorge Jaurigiberri y Eloy Bianchi. Sus nietos Nicol\u00e1s Piccione, Felipe y Facundo Pinedo, Melina y Sol Pinedo, Bruno Jaurigiberri, Candela y Thiago Bianchi. Sus hermanas Graciela y Aurora Piccione. Sus hermanos pol\u00edticos Rodolfo Belauzaran y Mariano Castillo y dem\u00e1s deudos participan su fallecimiento.<\/p>\n<p>&nbsp;<\/p>\n<p>Sus restos son velados en Espa\u00f1a 2942 departamento &#8220;A\u201d (finaliza a las 10:00) y ser\u00e1n cremados en Crematorio Pinos de Paz, en d\u00eda y horario a confirmar, previo responso en la capilla ardiente. Vecino de Barrio 12 de Octubre. Nacido en Blanca Grande. Jubilado de Cerro Negro.<\/p>\n","protected":false},"excerpt":{"rendered":"<p>Falleci\u00f3 en Olavarr\u00eda el d\u00eda 22 de agosto de 2022 a los 76 a\u00f1os de edad. Su esposa Yolanda Guevara.<\/p>\n","protected":false},"author":5,"featured_media":51544,"comment_status":"closed","ping_status":"closed","sticky":false,"template":"","format":"standard","meta":{"_jetpack_memberships_contains_paid_content":false,"footnotes":""},"categories":[10],"tags":[],"class_list":["post-63013","post","type-post","status-publish","format-standard","has-post-thumbnail","hentry","category-necrologicas"],"jetpack_featured_media_url":"https:\/\/i0.wp.com\/cdnoticias.com\/wp-content\/uploads\/2022\/04\/necrologicas-390-x-240.jpg?fit=390%2C240&ssl=1","jetpack_sharing_enabled":true,"_links":{"self":[{"href":"https:\/\/cdnoticias.com\/index.php\/wp-json\/wp\/v2\/posts\/63013","targetHints":{"allow":["GET"]}}],"collection":[{"href":"https:\/\/cdnoticias.com\/index.php\/wp-json\/wp\/v2\/posts"}],"about":[{"href":"https:\/\/cdnoticias.com\/index.php\/wp-json\/wp\/v2\/types\/post"}],"author":[{"embeddable":true,"href":"https:\/\/cdnoticias.com\/index.php\/wp-json\/wp\/v2\/users\/5"}],"replies":[{"embeddable":true,"href":"https:\/\/cdnoticias.com\/index.php\/wp-json\/wp\/v2\/comments?post=63013"}],"version-history":[{"count":0,"href":"https:\/\/cdnoticias.com\/index.php\/wp-json\/wp\/v2\/posts\/63013\/revisions"}],"wp:featuredmedia":[{"embeddable":true,"href":"https:\/\/cdnoticias.com\/index.php\/wp-json\/wp\/v2\/media\/51544"}],"wp:attachment":[{"href":"https:\/\/cdnoticias.com\/index.php\/wp-json\/wp\/v2\/media?parent=63013"}],"wp:term":[{"taxonomy":"category","embeddable":true,"href":"https:\/\/cdnoticias.com\/index.php\/wp-json\/wp\/v2\/categories?post=63013"},{"taxonomy":"post_tag","embeddable":true,"href":"https:\/\/cdnoticias.com\/index.php\/wp-json\/wp\/v2\/tags?post=63013"}],"curies":[{"name":"wp","href":"https:\/\/api.w.org\/{rel}","templated":true}]}}