{"id":6297,"date":"2020-11-12T12:37:34","date_gmt":"2020-11-12T15:37:34","guid":{"rendered":"http:\/\/www.centraldenoticias.com.ar\/?p=6297"},"modified":"2020-11-12T19:29:12","modified_gmt":"2020-11-12T22:29:12","slug":"german-hugo-sanchez-q-e-p-d","status":"publish","type":"post","link":"https:\/\/cdnoticias.com\/index.php\/2020\/11\/12\/german-hugo-sanchez-q-e-p-d\/","title":{"rendered":"Germ\u00e1n Hugo S\u00e1nchez (Q.E.P.D.)"},"content":{"rendered":"<p>Falleci\u00f3 en Olavarr\u00eda el d\u00eda 12 de noviembre de 2020 a los 59 a\u00f1os de edad. Su esposa Mar\u00eda de las Mercedes; sus hijas: Mar\u00eda Bernardita y Mar\u00eda Lourdes; su madre Leticia Carli; su hermano Walter S\u00e1nchez y dem\u00e1s deudos participan su fallecimiento.<\/p>\n<p>No se realiza velatorio ni responso. Cremaci\u00f3n: Crematorio Pinos de Paz este viernes desde las 15. Servicio adherido a Coopelectric.<\/p>\n<p>Vecino de Barrio Mariano Moreno. Nacido en Olavarr\u00eda. Docente de la E.E.S.T. N\u00b0 2 y del ITECO.<\/p>\n","protected":false},"excerpt":{"rendered":"<p>Falleci\u00f3 en Olavarr\u00eda el d\u00eda 12 de noviembre de 2020 a los 59 a\u00f1os de edad. Su esposa Mar\u00eda de<\/p>\n","protected":false},"author":4,"featured_media":0,"comment_status":"closed","ping_status":"closed","sticky":false,"template":"","format":"standard","meta":{"_jetpack_memberships_contains_paid_content":false,"footnotes":""},"categories":[10],"tags":[],"class_list":["post-6297","post","type-post","status-publish","format-standard","hentry","category-necrologicas"],"jetpack_featured_media_url":"","jetpack_sharing_enabled":true,"_links":{"self":[{"href":"https:\/\/cdnoticias.com\/index.php\/wp-json\/wp\/v2\/posts\/6297","targetHints":{"allow":["GET"]}}],"collection":[{"href":"https:\/\/cdnoticias.com\/index.php\/wp-json\/wp\/v2\/posts"}],"about":[{"href":"https:\/\/cdnoticias.com\/index.php\/wp-json\/wp\/v2\/types\/post"}],"author":[{"embeddable":true,"href":"https:\/\/cdnoticias.com\/index.php\/wp-json\/wp\/v2\/users\/4"}],"replies":[{"embeddable":true,"href":"https:\/\/cdnoticias.com\/index.php\/wp-json\/wp\/v2\/comments?post=6297"}],"version-history":[{"count":0,"href":"https:\/\/cdnoticias.com\/index.php\/wp-json\/wp\/v2\/posts\/6297\/revisions"}],"wp:attachment":[{"href":"https:\/\/cdnoticias.com\/index.php\/wp-json\/wp\/v2\/media?parent=6297"}],"wp:term":[{"taxonomy":"category","embeddable":true,"href":"https:\/\/cdnoticias.com\/index.php\/wp-json\/wp\/v2\/categories?post=6297"},{"taxonomy":"post_tag","embeddable":true,"href":"https:\/\/cdnoticias.com\/index.php\/wp-json\/wp\/v2\/tags?post=6297"}],"curies":[{"name":"wp","href":"https:\/\/api.w.org\/{rel}","templated":true}]}}