{"id":62952,"date":"2022-08-22T19:51:22","date_gmt":"2022-08-22T22:51:22","guid":{"rendered":"https:\/\/www.centraldenoticias.com.ar\/?p=62952"},"modified":"2022-08-22T19:51:22","modified_gmt":"2022-08-22T22:51:22","slug":"poda-de-rosas-en-la-plaza-central-repartiran-gajos-a-los-vecinos","status":"publish","type":"post","link":"https:\/\/cdnoticias.com\/index.php\/2022\/08\/22\/poda-de-rosas-en-la-plaza-central-repartiran-gajos-a-los-vecinos\/","title":{"rendered":"Poda de rosas en la Plaza Central: repartir\u00e1n gajos a los vecinos"},"content":{"rendered":"<p>Ser\u00e1 el mi\u00e9rcoles 24 y el jueves 25 de 10:30 a 12:30. Los vecinos interesados podr\u00e1n llevarse gajos para multiplicar en sus casas.<!--more--><\/p>\n<hr \/>\n<p>Como es habitual, en esta \u00e9poca del a\u00f1o, se realiza la tradicional jornada de poda de rosas en la Plaza Central, donde <strong>se reparten gajos, para ser multiplicados en cada hogar.<\/strong><\/p>\n<p>&nbsp;<\/p>\n<p>La poda de los rosales se realiza siempre en invierno, para que puedan florecer en primavera, alcanzando su m\u00e1ximo potencial, dado por la belleza de su flor y su aroma tan particular.<\/p>\n<p>&nbsp;<\/p>\n<blockquote><p>La actividad se llevar\u00e1 a cabo durante mi\u00e9rcoles 24 y jueves 25, desde las 10:30 hasta las 12:30 horas.<\/p><\/blockquote>\n<p>&nbsp;<\/p>\n<p>Tras la poda, se preparar\u00e1n los gajos para que los vecinos se puedan llevar,<strong> junto con un instructivo donde se explica c\u00f3mo llevar adelante las tareas de enraizado.<\/strong><\/p>\n<p>&nbsp;<\/p>\n<p>Se entregar\u00e1n <strong>hasta tres gajos por persona<\/strong>, de tres variedades diferentes de las que se encuentran plantadas en la plaza. Este tipo de variedades de rosas son elegidas por la belleza de su flor y la continuidad de la floraci\u00f3n.<\/p>\n<p>&nbsp;<\/p>\n<p><strong>Las variedades de rosas con las que cuenta la plaza son:<\/strong><\/p>\n<p>&nbsp;<\/p>\n<p><strong>Rosa Meilland \u201cCharles Aznavour\u201d.<\/strong> De floraci\u00f3n abundante y continua, hasta 7 flores por tallo. Agraciadas y rom\u00e1nticas flores de color rosa p\u00e1lido casi blanco con toques un poquito m\u00e1s oscuro, de 6 cm de di\u00e1metro. Planta de vegetaci\u00f3n fuerte y muy sana de 60-70 cm de altura.<\/p>\n<p>&nbsp;<\/p>\n<p><strong>Rosa Meilland Bonica.<\/strong> Flor rosada, muy flor\u00edfera, racimos de flores peque\u00f1as rosadas muy atractivas, muy sana Esta variedad excelente lleva racimos suaves de flores rosadas, y de tama\u00f1o peque\u00f1o a mediano. \u00c9stos se producen muy libremente y se repiten bien. Hay una fragancia muy ligera. Si las flores no est\u00e1n muertas, ser\u00e1n seguidas por una maravillosa cosecha de brillantes frutos rojos, que durar\u00e1n mucho hasta el invierno.<\/p>\n<p>&nbsp;<\/p>\n<p><strong>Rosa Iceberg.<\/strong> El rosal \u2018Iceberg\u2019 es un arbusto vigoroso, con unas flores semi-dobles blanco puro y con un ligero perfume. Este rosal debe su celebridad a su excelente resistencia a las enfermedades, que le convierte en un candidato en todos los jardines. Refloreciente. Di\u00e1metro de la flor: 7 cm. La planta tiene una altura hasta 50 metros. Su floraci\u00f3n perdura mucho tiempo, muy flor\u00edfera.<\/p>\n","protected":false},"excerpt":{"rendered":"<p>Ser\u00e1 el mi\u00e9rcoles 24 y el jueves 25 de 10:30 a 12:30. Los vecinos interesados podr\u00e1n llevarse gajos para multiplicar<\/p>\n","protected":false},"author":5,"featured_media":30755,"comment_status":"closed","ping_status":"closed","sticky":false,"template":"","format":"standard","meta":{"_jetpack_memberships_contains_paid_content":false,"footnotes":""},"categories":[5,1],"tags":[],"class_list":["post-62952","post","type-post","status-publish","format-standard","has-post-thumbnail","hentry","category-informacion-general","category-portada"],"jetpack_featured_media_url":"https:\/\/i0.wp.com\/cdnoticias.com\/wp-content\/uploads\/2021\/08\/rosas.jpg?fit=1024%2C683&ssl=1","jetpack_sharing_enabled":true,"_links":{"self":[{"href":"https:\/\/cdnoticias.com\/index.php\/wp-json\/wp\/v2\/posts\/62952","targetHints":{"allow":["GET"]}}],"collection":[{"href":"https:\/\/cdnoticias.com\/index.php\/wp-json\/wp\/v2\/posts"}],"about":[{"href":"https:\/\/cdnoticias.com\/index.php\/wp-json\/wp\/v2\/types\/post"}],"author":[{"embeddable":true,"href":"https:\/\/cdnoticias.com\/index.php\/wp-json\/wp\/v2\/users\/5"}],"replies":[{"embeddable":true,"href":"https:\/\/cdnoticias.com\/index.php\/wp-json\/wp\/v2\/comments?post=62952"}],"version-history":[{"count":0,"href":"https:\/\/cdnoticias.com\/index.php\/wp-json\/wp\/v2\/posts\/62952\/revisions"}],"wp:featuredmedia":[{"embeddable":true,"href":"https:\/\/cdnoticias.com\/index.php\/wp-json\/wp\/v2\/media\/30755"}],"wp:attachment":[{"href":"https:\/\/cdnoticias.com\/index.php\/wp-json\/wp\/v2\/media?parent=62952"}],"wp:term":[{"taxonomy":"category","embeddable":true,"href":"https:\/\/cdnoticias.com\/index.php\/wp-json\/wp\/v2\/categories?post=62952"},{"taxonomy":"post_tag","embeddable":true,"href":"https:\/\/cdnoticias.com\/index.php\/wp-json\/wp\/v2\/tags?post=62952"}],"curies":[{"name":"wp","href":"https:\/\/api.w.org\/{rel}","templated":true}]}}