{"id":62932,"date":"2022-08-22T17:00:22","date_gmt":"2022-08-22T20:00:22","guid":{"rendered":"https:\/\/www.centraldenoticias.com.ar\/?p=62932"},"modified":"2022-08-22T17:00:22","modified_gmt":"2022-08-22T20:00:22","slug":"servicio-penitenciario-bonaerense-por-primera-vez-una-mujer-conducira-la-escuela-de-cadetes","status":"publish","type":"post","link":"https:\/\/cdnoticias.com\/index.php\/2022\/08\/22\/servicio-penitenciario-bonaerense-por-primera-vez-una-mujer-conducira-la-escuela-de-cadetes\/","title":{"rendered":"Servicio Penitenciario Bonaerense: por primera vez, una mujer conducir\u00e1 la Escuela de Cadetes"},"content":{"rendered":"<p>La Prefecto del Escalaf\u00f3n General, Mar\u00eda Jos\u00e9 Anaya, se transform\u00f3 en la primera directora del Instituto de Formaci\u00f3n. La matr\u00edcula de la instituci\u00f3n es r\u00e9cord: 1.733 alumnos.<!--more--><\/p>\n<hr \/>\n<p><strong>La Prefecto del Escalaf\u00f3n General Mar\u00eda Jos\u00e9 Anaya se convirti\u00f3 el viernes en la primera directora de la Escuela de Cadetes del Servicio Penitenciario Bonaerense (SPB)<\/strong> en un hecho hist\u00f3rico en la provincia de Buenos Aires.<\/p>\n<p>&nbsp;<\/p>\n<p>Tiene 40 a\u00f1os, es oriunda de Jun\u00edn y vive en La Plata desde que inici\u00f3 su carrera profesional.<\/p>\n<p>&nbsp;<\/p>\n<p>Con el <strong>aval del Ministerio de Justicia y Derechos Humanos de la provincia de Buenos Aires<\/strong>, Anaya se transform\u00f3 en la primera mujer en conducir la Escuela de Cadetes, la que tiene una <strong>matr\u00edcula r\u00e9cord de 1.733 alumnos<\/strong> que se preparan como futuros oficiales para cubrir los cargos dentro del Plan de Infraestructura Penitenciaria 2022 \u2013 2023.<\/p>\n<p>&nbsp;<\/p>\n<p>Anaya est\u00e1 casada, tiene tres hijos y vive en la localidad de Lisandro Olmos. Su esposo es oficial penitenciario y cumple funciones en la Unidad 26 del SPB.<\/p>\n<p>&nbsp;<\/p>\n<p><img data-recalc-dims=\"1\" loading=\"lazy\" decoding=\"async\" class=\"size-full wp-image-62934 aligncenter\" src=\"https:\/\/i0.wp.com\/cdnoticias.com\/wp-content\/uploads\/2022\/08\/SPB-Escuela-de-Cadetes-Agosto-2022a.jpg?resize=735%2C409&#038;ssl=1\" alt=\"\" width=\"735\" height=\"409\" srcset=\"https:\/\/i0.wp.com\/cdnoticias.com\/wp-content\/uploads\/2022\/08\/SPB-Escuela-de-Cadetes-Agosto-2022a.jpg?w=735&amp;ssl=1 735w, https:\/\/i0.wp.com\/cdnoticias.com\/wp-content\/uploads\/2022\/08\/SPB-Escuela-de-Cadetes-Agosto-2022a.jpg?resize=300%2C167&amp;ssl=1 300w\" sizes=\"auto, (max-width: 735px) 100vw, 735px\" \/><\/p>\n<p>&nbsp;<\/p>\n<p>Los padres de la flamante directora de la Escuela de Cadetes son oficiales retirados del SPB, y las dos hermanas tambi\u00e9n pertenecen a la fuerza.<\/p>\n<p>&nbsp;<\/p>\n<blockquote><p>Mar\u00eda Jos\u00e9 ingres\u00f3 como estudiante a la Escuela de Cadetes en el a\u00f1o 2003 y en 2005 obtuvo la tecnicatura superior en Seguridad y Tratamiento Penitenciario, y al egresar fue la primera mujer en obtener el mayor orden de m\u00e9rito, hasta ese momento siempre ese logro lo hab\u00edan obtenido varones.<\/p><\/blockquote>\n<p>&nbsp;<\/p>\n<p>Anaya recuerda sus comienzos en la Escuela de Cadetes con cari\u00f1o y resalt\u00f3 que <strong>su madre, Liliana Uhalt, form\u00f3 parte de la primera promoci\u00f3n de oficiales femeninas del SPB<\/strong>.<\/p>\n<p>&nbsp;<\/p>\n<p>Con <strong>m\u00e1s de 19 a\u00f1os de servicio<\/strong>, Anaya detall\u00f3 que \u201cen los \u00faltimos once a\u00f1os cumpl\u00ed funciones en la Escuela de Cadetes y he pasado por casi todos los roles: instructora, jefa de la compa\u00f1\u00eda femenina, jefa de sumario, secretaria docente, regente de formaci\u00f3n y subdirectora de formaci\u00f3n\u201d.<\/p>\n<p>&nbsp;<\/p>\n<p><img data-recalc-dims=\"1\" loading=\"lazy\" decoding=\"async\" class=\"size-full wp-image-62933 aligncenter\" src=\"https:\/\/i0.wp.com\/cdnoticias.com\/wp-content\/uploads\/2022\/08\/SPB-Maria-Jose-Anaya-Escuela-de-Cadetes-Agosto-2022b.jpg?resize=800%2C445&#038;ssl=1\" alt=\"\" width=\"800\" height=\"445\" srcset=\"https:\/\/i0.wp.com\/cdnoticias.com\/wp-content\/uploads\/2022\/08\/SPB-Maria-Jose-Anaya-Escuela-de-Cadetes-Agosto-2022b.jpg?w=800&amp;ssl=1 800w, https:\/\/i0.wp.com\/cdnoticias.com\/wp-content\/uploads\/2022\/08\/SPB-Maria-Jose-Anaya-Escuela-de-Cadetes-Agosto-2022b.jpg?resize=300%2C167&amp;ssl=1 300w, https:\/\/i0.wp.com\/cdnoticias.com\/wp-content\/uploads\/2022\/08\/SPB-Maria-Jose-Anaya-Escuela-de-Cadetes-Agosto-2022b.jpg?resize=768%2C427&amp;ssl=1 768w\" sizes=\"auto, (max-width: 800px) 100vw, 800px\" \/><\/p>\n<p>&nbsp;<\/p>\n<blockquote><p>\u201cSiento una fuerte emoci\u00f3n ante esta designaci\u00f3n. Cuando me hicieron el desaf\u00edo pens\u00e9 en mi primer d\u00eda en la Escuela de Cadetes, de lo lejano que ve\u00eda tener un cargo de responsabilidad\u201d, cont\u00f3 Anaya.<\/p><\/blockquote>\n<p>&nbsp;<\/p>\n<p>La prefecto a\u00f1adi\u00f3 que \u201csiempre me gust\u00f3 la formaci\u00f3n.<strong> La Escuela de Cadetes del SPB cumple una funci\u00f3n social muy importante.<\/strong> Recibimos a j\u00f3venes de entre 17 y 24 a\u00f1os que vienen a proyectar un futuro y les damos las herramientas necesarias con la ense\u00f1anza de valores y un ejemplo a seguir\u201d.<\/p>\n<p>&nbsp;<\/p>\n<p><em>\u201cLa Escuela de Cadetes -continu\u00f3 Anaya- transforma a los j\u00f3venes. Los padres nos suelen decir que sus hijos e hijas manifiestan con hechos su crecimiento como personas, y eso a las autoridades nos gratifica\u201d<\/em>.<\/p>\n<p>&nbsp;<\/p>\n<p>La Escuela de Cadetes del SPB tiene en la actualidad una matr\u00edcula de 1733 alumnos, de los cuales 1017 son mujeres y 716, hombres, una cifra nunca alcanzada en la historia de la Provincia.<\/p>\n<p>&nbsp;<\/p>\n<p>Anaya fue designada como directora del Instituto Superior de Formaci\u00f3n y Capacitaci\u00f3n Penitenciaria N\u00b0 6001 \u201cInspector General Baltasar Armando Iramain\u201d, m\u00e1s conocida como Escuela de Cadetes del SPB, este viernes por una resoluci\u00f3n.<\/p>\n<p>&nbsp;<\/p>\n<p>Fuente: <em>Prensa SPB<\/em><\/p>\n","protected":false},"excerpt":{"rendered":"<p>La Prefecto del Escalaf\u00f3n General, Mar\u00eda Jos\u00e9 Anaya, se transform\u00f3 en la primera directora del Instituto de Formaci\u00f3n. La matr\u00edcula<\/p>\n","protected":false},"author":4,"featured_media":62935,"comment_status":"closed","ping_status":"closed","sticky":false,"template":"","format":"standard","meta":{"_jetpack_memberships_contains_paid_content":false,"footnotes":""},"categories":[6,1],"tags":[],"class_list":["post-62932","post","type-post","status-publish","format-standard","has-post-thumbnail","hentry","category-nacionales","category-portada"],"jetpack_featured_media_url":"https:\/\/i0.wp.com\/cdnoticias.com\/wp-content\/uploads\/2022\/08\/SPB-Maria-Jose-Anaya-Escuela-de-Cadetes-Agosto-2022a.jpg?fit=800%2C445&ssl=1","jetpack_sharing_enabled":true,"_links":{"self":[{"href":"https:\/\/cdnoticias.com\/index.php\/wp-json\/wp\/v2\/posts\/62932","targetHints":{"allow":["GET"]}}],"collection":[{"href":"https:\/\/cdnoticias.com\/index.php\/wp-json\/wp\/v2\/posts"}],"about":[{"href":"https:\/\/cdnoticias.com\/index.php\/wp-json\/wp\/v2\/types\/post"}],"author":[{"embeddable":true,"href":"https:\/\/cdnoticias.com\/index.php\/wp-json\/wp\/v2\/users\/4"}],"replies":[{"embeddable":true,"href":"https:\/\/cdnoticias.com\/index.php\/wp-json\/wp\/v2\/comments?post=62932"}],"version-history":[{"count":0,"href":"https:\/\/cdnoticias.com\/index.php\/wp-json\/wp\/v2\/posts\/62932\/revisions"}],"wp:featuredmedia":[{"embeddable":true,"href":"https:\/\/cdnoticias.com\/index.php\/wp-json\/wp\/v2\/media\/62935"}],"wp:attachment":[{"href":"https:\/\/cdnoticias.com\/index.php\/wp-json\/wp\/v2\/media?parent=62932"}],"wp:term":[{"taxonomy":"category","embeddable":true,"href":"https:\/\/cdnoticias.com\/index.php\/wp-json\/wp\/v2\/categories?post=62932"},{"taxonomy":"post_tag","embeddable":true,"href":"https:\/\/cdnoticias.com\/index.php\/wp-json\/wp\/v2\/tags?post=62932"}],"curies":[{"name":"wp","href":"https:\/\/api.w.org\/{rel}","templated":true}]}}