{"id":6293,"date":"2020-11-12T12:22:05","date_gmt":"2020-11-12T15:22:05","guid":{"rendered":"http:\/\/www.centraldenoticias.com.ar\/?p=6293"},"modified":"2020-11-12T12:22:52","modified_gmt":"2020-11-12T15:22:52","slug":"la-oficina-de-pami-no-abrira-este-viernes","status":"publish","type":"post","link":"https:\/\/cdnoticias.com\/index.php\/2020\/11\/12\/la-oficina-de-pami-no-abrira-este-viernes\/","title":{"rendered":"La oficina de PAMI no abrir\u00e1 este viernes"},"content":{"rendered":"<p>Se conmemora el d\u00eda de la personas trabajadoras del Instituto Nacional de Servicios Sociales para Jubilados y Pensionados.<!--more--><\/p>\n<hr \/>\n<p>Jorge Garaiz, titular de PAMI Olavarr\u00eda, inform\u00f3 que este viernes ser\u00e1 jornada no laborable para los trabajadores del organismo con lo cual <strong>la oficina permanecer\u00e1 cerrada<\/strong>.<\/p>\n<p>Se explic\u00f3 que se debe a que es el d\u00eda de las personas trabajadoras del INSSJP (Instituto Nacional de Servicios Sociales para Jubilados y Pensionados).<\/p>\n","protected":false},"excerpt":{"rendered":"<p>Se conmemora el d\u00eda de la personas trabajadoras del Instituto Nacional de Servicios Sociales para Jubilados y Pensionados.<\/p>\n","protected":false},"author":4,"featured_media":6295,"comment_status":"closed","ping_status":"closed","sticky":false,"template":"","format":"standard","meta":{"_jetpack_memberships_contains_paid_content":false,"footnotes":""},"categories":[5,1],"tags":[],"class_list":["post-6293","post","type-post","status-publish","format-standard","has-post-thumbnail","hentry","category-informacion-general","category-portada"],"jetpack_featured_media_url":"https:\/\/i0.wp.com\/cdnoticias.com\/wp-content\/uploads\/2020\/11\/PAMI.jpg?fit=960%2C532&ssl=1","jetpack_sharing_enabled":true,"_links":{"self":[{"href":"https:\/\/cdnoticias.com\/index.php\/wp-json\/wp\/v2\/posts\/6293","targetHints":{"allow":["GET"]}}],"collection":[{"href":"https:\/\/cdnoticias.com\/index.php\/wp-json\/wp\/v2\/posts"}],"about":[{"href":"https:\/\/cdnoticias.com\/index.php\/wp-json\/wp\/v2\/types\/post"}],"author":[{"embeddable":true,"href":"https:\/\/cdnoticias.com\/index.php\/wp-json\/wp\/v2\/users\/4"}],"replies":[{"embeddable":true,"href":"https:\/\/cdnoticias.com\/index.php\/wp-json\/wp\/v2\/comments?post=6293"}],"version-history":[{"count":0,"href":"https:\/\/cdnoticias.com\/index.php\/wp-json\/wp\/v2\/posts\/6293\/revisions"}],"wp:featuredmedia":[{"embeddable":true,"href":"https:\/\/cdnoticias.com\/index.php\/wp-json\/wp\/v2\/media\/6295"}],"wp:attachment":[{"href":"https:\/\/cdnoticias.com\/index.php\/wp-json\/wp\/v2\/media?parent=6293"}],"wp:term":[{"taxonomy":"category","embeddable":true,"href":"https:\/\/cdnoticias.com\/index.php\/wp-json\/wp\/v2\/categories?post=6293"},{"taxonomy":"post_tag","embeddable":true,"href":"https:\/\/cdnoticias.com\/index.php\/wp-json\/wp\/v2\/tags?post=6293"}],"curies":[{"name":"wp","href":"https:\/\/api.w.org\/{rel}","templated":true}]}}