{"id":62906,"date":"2022-08-21T20:30:58","date_gmt":"2022-08-21T23:30:58","guid":{"rendered":"https:\/\/www.centraldenoticias.com.ar\/?p=62906"},"modified":"2022-08-22T09:11:41","modified_gmt":"2022-08-22T12:11:41","slug":"conduccion-eficiente-y-segura","status":"publish","type":"post","link":"https:\/\/cdnoticias.com\/index.php\/2022\/08\/21\/conduccion-eficiente-y-segura\/","title":{"rendered":"Conducci\u00f3n eficiente y segura"},"content":{"rendered":"<p align=\"justify\">No s\u00f3lo es ahorrar combustible: es acompa\u00f1ar un proceso de cuidado del medio ambiente, cuidar nuestro veh\u00edculo y darse la oportunidad de usar otros medios de transporte, como la bicicleta. \u00bfC\u00f3mo funciona una conducci\u00f3n eficiente y segura? <!--more--><\/p>\n<hr \/>\n<p align=\"justify\">Por Marcos Pascua<\/p>\n<p>&nbsp;<\/p>\n<p align=\"justify\"><span lang=\"es-MX\">\u00bfEs posible ahorrar combustible seg\u00fan nuestra forma de conducir? Claro que s\u00ed, pero conducir eficientemente no solo trae beneficios econ\u00f3micos, tambi\u00e9n ayuda a ahorrar energ\u00eda, a disminuir la contaminaci\u00f3n y aporta a la seguridad vial. En tiempos donde la energ\u00eda es un bien escaso y el combustible vale cada vez m\u00e1s, c\u00f3mo podemos colaborar para reducir su consumo, por el bien de tu bolsillo y por el del medio ambiente.<\/span><\/p>\n<p>&nbsp;<\/p>\n<p align=\"justify\"><span lang=\"es-MX\"><b>Energ\u00eda<\/b><\/span><\/p>\n<p>&nbsp;<\/p>\n<p align=\"justify\"><span lang=\"es-MX\">Comencemos por la definici\u00f3n de energ\u00eda, que tradicionalmente es definida como la <\/span><span lang=\"es-MX\"><b>capacidad para producir trabajo, <\/b><\/span><span lang=\"es-MX\">es decir, lo que se necesita para que algo pase, necesitamos energ\u00eda para calefaccionarnos, para cocinar, para movilizarnos, en definitiva, la energ\u00eda est\u00e1 presente todo el tiempo en nuestra cotidianeidad.<\/span><\/p>\n<p>&nbsp;<\/p>\n<p align=\"justify\"><span lang=\"es-MX\">Ahora, la energ\u00eda se produce a partir de diversas fuentes, \u00bfcu\u00e1les son esas fuentes y c\u00f3mo integran la matriz energ\u00e9tica de un pa\u00eds?<\/span><\/p>\n<p>&nbsp;<\/p>\n<p align=\"justify\"><img data-recalc-dims=\"1\" loading=\"lazy\" decoding=\"async\" class=\"aligncenter size-full wp-image-62907\" src=\"https:\/\/i0.wp.com\/cdnoticias.com\/wp-content\/uploads\/2022\/08\/Imagen-1-3.png?resize=800%2C511&#038;ssl=1\" alt=\"\" width=\"800\" height=\"511\" srcset=\"https:\/\/i0.wp.com\/cdnoticias.com\/wp-content\/uploads\/2022\/08\/Imagen-1-3.png?w=1018&amp;ssl=1 1018w, https:\/\/i0.wp.com\/cdnoticias.com\/wp-content\/uploads\/2022\/08\/Imagen-1-3.png?resize=300%2C192&amp;ssl=1 300w, https:\/\/i0.wp.com\/cdnoticias.com\/wp-content\/uploads\/2022\/08\/Imagen-1-3.png?resize=768%2C490&amp;ssl=1 768w\" sizes=\"auto, (max-width: 800px) 100vw, 800px\" \/><\/p>\n<p>&nbsp;<\/p>\n<p align=\"justify\"><span lang=\"es-MX\">En el gr\u00e1fico se puede ver como fue variando la matriz energ\u00e9tica a lo largo de los a\u00f1os y como hoy dependemos en su mayor\u00eda de los <\/span><span lang=\"es-MX\"><b>combustibles f\u00f3siles<\/b><\/span><span lang=\"es-MX\"> para generar la energ\u00eda que mueve a los autos, calefaccione nuestros hogares e ilumina edificios. Es una matriz energ\u00e9tica que depende en su mayor\u00eda de <\/span><span lang=\"es-MX\"><b>recursos no renovables<\/b><\/span><span lang=\"es-MX\"> y que son contaminantes, reci\u00e9n se estima que la producci\u00f3n de energ\u00edas renovables sea preponderante en unos 20 a\u00f1os aproximadamente. Adem\u00e1s, como seguramente ya sab\u00e9s, la mayor\u00eda de la energ\u00eda que utilizamos es importada.<\/span><\/p>\n<p>&nbsp;<\/p>\n<p align=\"justify\"><span lang=\"es-MX\">Por otro lado, <\/span><span lang=\"es-MX\"><b>el sector del transporte es uno de los principales responsables de la contaminaci\u00f3n ambiental<\/b><\/span><span lang=\"es-MX\">, a trav\u00e9s de los veh\u00edculos y sus motores a combusti\u00f3n que queman el combustible necesario para moverlos. En nuestro pa\u00eds, <\/span><span lang=\"es-MX\"><b>el 14% de las emisiones de gases de efecto invernadero (GEI) son generadas por el sector del transporte<\/b><\/span><span lang=\"es-MX\">.<\/span><\/p>\n<p>&nbsp;<\/p>\n<p align=\"justify\"><span lang=\"es-MX\"><b>Eficiencia de los veh\u00edculos<\/b><\/span><\/p>\n<p>&nbsp;<\/p>\n<p align=\"justify\"><span lang=\"es-MX\">Cuando hablamos de eficiencia energ\u00e9tica hacemos referencia a c\u00f3mo se aprovecha la energ\u00eda utilizada para movernos, en este sentido <\/span><span lang=\"es-MX\"><b>no es lo mismo la energ\u00eda necesaria para mover una bicicleta que para mover un auto<\/b><\/span><span lang=\"es-MX\">.<\/span><\/p>\n<p>&nbsp;<\/p>\n<p align=\"justify\"><span lang=\"es-MX\">Para analizar esto, tenemos que tener en cuenta que <\/span><span lang=\"es-MX\"><b>cuando m\u00e1s energ\u00eda se requiere es cuando queremos sacar nuestro veh\u00edculo del reposo<\/b><\/span><span lang=\"es-MX\">, ese primer pedaleo que damos cuando salimos en nuestra bicicleta o la patada que le damos a la moto para provocar la explosi\u00f3n que encienda el motor. Una vez el motor encendido, el trabajo es menor y ni hablar si vamos a una velocidad constante.<\/span><\/p>\n<p>&nbsp;<\/p>\n<p align=\"justify\"><span lang=\"es-MX\">Claro que, si hablamos de eficiencia, <\/span><span lang=\"es-MX\"><b>nada m\u00e1s eficiente que movilizarnos en bicicleta<\/b><\/span><span lang=\"es-MX\">, no consumimos m\u00e1s energ\u00eda que la de nuestro cuerpo, no contaminamos y circulamos a velocidades seguras. <\/span><span lang=\"es-MX\"><b>El momento de mayor consumo energ\u00e9tico ser\u00e1 cuando demos ese primer pedaleo que nos saque del reposo<\/b><\/span><span lang=\"es-MX\">, brindando la energ\u00eda necesaria para mover el peso de nuestro cuerpo y lo poco que pueda pesar la bicicleta, ya una vez a velocidad constante el trabajo disminuye, pero qu\u00e9 pasa con los autos.<\/span><\/p>\n<p>&nbsp;<\/p>\n<p align=\"justify\"><span lang=\"es-MX\">En el caso de los autom\u00f3viles, si tenemos en cuenta un peso promedio de 1000 kg m\u00e1s nuestro peso, supongamos unos 75 kg, <\/span><span lang=\"es-MX\"><b>la energ\u00eda utilizada para salir del reposo va en su mayor\u00eda a mover una m\u00e1quina de 1 TN y no tanto en movernos a nosotros<\/b><\/span><span lang=\"es-MX\">, pero adem\u00e1s de usar mucha energ\u00eda, solo se aprovecha entre un <\/span><span lang=\"es-MX\"><b>12 a un 30% <\/b><\/span><span lang=\"es-MX\">de ella, el resto se disemina en calor, mientras que en la bicicleta <\/span><span lang=\"es-MX\"><b>la eficiencia de la energ\u00eda que utilizamos para mover el pedal se acerca al 99%.<\/b><\/span><\/p>\n<p>&nbsp;<\/p>\n<p align=\"justify\"><span lang=\"es-MX\">En el caso de la bicicleta, utilizamos energ\u00eda para sacarla del reposo y lograr movilizarnos, en el caso del auto, la energ\u00eda utilizada se va en su mayor\u00eda en movilizar el auto y no en movilizar a la persona.<\/span><\/p>\n<p>&nbsp;<\/p>\n<p align=\"justify\"><span lang=\"es-MX\">En el primer caso, <\/span><span lang=\"es-MX\"><b>utilizamos la bicicleta para movernos<\/b><\/span><span lang=\"es-MX\"> mientras que, en el segundo, <\/span><span lang=\"es-MX\"><b>el autom\u00f3vil nos utiliza a nosotros para moverse<\/b><\/span><span lang=\"es-MX\">.<\/span><\/p>\n<p>&nbsp;<\/p>\n<p align=\"justify\"><span lang=\"es-MX\"><b>Emisi\u00f3n<\/b><\/span><\/p>\n<p>&nbsp;<\/p>\n<p align=\"justify\"><span lang=\"es-MX\">Claro que no todas las formas de moverse contribuyen del mismo modo a la emisi\u00f3n y para esto debemos tener en cuenta que el 92% de la poblaci\u00f3n argentina vive en ciudades, que es donde ocurren la mayor\u00eda de los viajes.<\/span><\/p>\n<p>&nbsp;<\/p>\n<p align=\"justify\"><img data-recalc-dims=\"1\" loading=\"lazy\" decoding=\"async\" class=\"aligncenter size-full wp-image-62908\" src=\"https:\/\/i0.wp.com\/cdnoticias.com\/wp-content\/uploads\/2022\/08\/Imagen-2-3.png?resize=667%2C397&#038;ssl=1\" alt=\"\" width=\"667\" height=\"397\" srcset=\"https:\/\/i0.wp.com\/cdnoticias.com\/wp-content\/uploads\/2022\/08\/Imagen-2-3.png?w=667&amp;ssl=1 667w, https:\/\/i0.wp.com\/cdnoticias.com\/wp-content\/uploads\/2022\/08\/Imagen-2-3.png?resize=300%2C179&amp;ssl=1 300w\" sizes=\"auto, (max-width: 667px) 100vw, 667px\" \/><\/p>\n<p>&nbsp;<\/p>\n<p align=\"justify\"><span lang=\"es-MX\">Si observamos el gr\u00e1fico anterior, vemos que los veh\u00edculos que m\u00e1s aportan a las emisiones de GEI son los <\/span><span lang=\"es-MX\"><b>autom\u00f3viles<\/b><\/span><span lang=\"es-MX\"> y los <\/span><span lang=\"es-MX\"><b>camiones ligeros<\/b><\/span><span lang=\"es-MX\"> que <\/span><span lang=\"es-MX\"><b>sumados aportan pr\u00e1cticamente el 80% de gases contaminantes<\/b><\/span><span lang=\"es-MX\">.<\/span><\/p>\n<p>&nbsp;<\/p>\n<p align=\"justify\"><img data-recalc-dims=\"1\" loading=\"lazy\" decoding=\"async\" class=\"aligncenter size-full wp-image-62909\" src=\"https:\/\/i0.wp.com\/cdnoticias.com\/wp-content\/uploads\/2022\/08\/Imagen-3-3.png?resize=610%2C212&#038;ssl=1\" alt=\"\" width=\"610\" height=\"212\" srcset=\"https:\/\/i0.wp.com\/cdnoticias.com\/wp-content\/uploads\/2022\/08\/Imagen-3-3.png?w=610&amp;ssl=1 610w, https:\/\/i0.wp.com\/cdnoticias.com\/wp-content\/uploads\/2022\/08\/Imagen-3-3.png?resize=300%2C104&amp;ssl=1 300w\" sizes=\"auto, (max-width: 610px) 100vw, 610px\" \/><\/p>\n<p>&nbsp;<br \/>\n&nbsp;<\/p>\n<p align=\"justify\"><span lang=\"es-MX\"><b>Conducci\u00f3n eficiente<\/b><\/span><\/p>\n<p>&nbsp;<\/p>\n<p align=\"justify\"><span lang=\"es-MX\">Tal vez est\u00e9s pensando mientras lees, que todo muy bien, pero no todo viaje puedo hacerlo en bicicleta y s\u00ed, es cierto, aunque te invito a que pienses cu\u00e1ntos de los viajes que hac\u00e9s por d\u00eda en auto, pueden ser realizados en bicicleta.<\/span><\/p>\n<p>&nbsp;<\/p>\n<p align=\"justify\"><span lang=\"es-MX\">Ahora, si hac\u00e9s uso del autom\u00f3vil, existen pr\u00e1cticas que permiten hacerlo con mayor eficiencia.<\/span><\/p>\n<p>&nbsp;<\/p>\n<p align=\"justify\"><span lang=\"es-MX\">Una manera de empezar es cuando compr\u00e9s un veh\u00edculo, analices su ficha t\u00e9cnica, all\u00ed vas a encontrar el dato de cuantos litros de combustible consume por cada 100 kil\u00f3metros.<\/span><\/p>\n<p>&nbsp;<\/p>\n<p align=\"justify\"><span lang=\"es-MX\">Para facilitar la explicaci\u00f3n vamos a utilizar un modelo de auto con las siguientes caracter\u00edsticas:<\/span><\/p>\n<p>&nbsp;<\/p>\n<ul>\n<li style=\"list-style-type: none;\">\n<ul>\n<li>Gama media clase B<\/li>\n<\/ul>\n<\/li>\n<\/ul>\n<ul>\n<li style=\"list-style-type: none;\">\n<ul>\n<li>Naftero<\/li>\n<\/ul>\n<\/li>\n<\/ul>\n<ul>\n<li style=\"list-style-type: none;\">\n<ul>\n<li>Motor tipo 1.4<\/li>\n<\/ul>\n<\/li>\n<\/ul>\n<ul>\n<li style=\"list-style-type: none;\">\n<ul>\n<li>Tanque con capacidad de 55 litros<\/li>\n<\/ul>\n<\/li>\n<\/ul>\n<ul>\n<li style=\"list-style-type: none;\">\n<ul>\n<li>Consumo promedio de 10 litros\/100 km<\/li>\n<\/ul>\n<\/li>\n<\/ul>\n<ul>\n<li style=\"list-style-type: none;\">\n<ul>\n<li>Recorrido anual de 12 000 km, con un consumo base de 1200 litros anuales.<\/li>\n<\/ul>\n<\/li>\n<\/ul>\n<p align=\"justify\"><span lang=\"es-MX\">Para empezar, un correcto <\/span><span lang=\"es-MX\"><b>mantenimiento y chequeo peri\u00f3dico<\/b><\/span><span lang=\"es-MX\"> alargar\u00e1 la vida \u00fatil del veh\u00edculo y disminuir\u00e1 la posibilidad de siniestros viales, as\u00ed como los gases contaminantes. Estos chequeos pueden ser realizados mediante la Verificaci\u00f3n T\u00e9cnica Vehicular o mediante los services programados.<\/span><\/p>\n<p>&nbsp;<\/p>\n<p align=\"justify\"><span lang=\"es-MX\">Otro punto es controlar la <\/span><span lang=\"es-MX\"><b>presi\u00f3n de los neum\u00e1ticos<\/b><\/span><span lang=\"es-MX\">, al menos una vez por mes, si cuentan con una presi\u00f3n adecuada <\/span><span lang=\"es-MX\"><b>se ahorra en promedio un 3% de combustible<\/b><\/span><span lang=\"es-MX\">.<\/span><\/p>\n<p>&nbsp;<\/p>\n<p align=\"justify\"><span lang=\"es-MX\"><b>Filtros de aire, aceite y combustible<\/b><\/span><span lang=\"es-MX\"> en mal estado har\u00e1n que el trabajo del motor sea ineficiente y que tenga que aportar mayor cantidad de energ\u00eda para realizar el mismo trabajo, por eso se aconseja un chequeo y cambio cuando sea necesario, ya que esto <\/span><span lang=\"es-MX\"><b>permitir\u00e1 un ahorra de un 1,5% de combustible<\/b><\/span><span lang=\"es-MX\">.<\/span><\/p>\n<p>&nbsp;<\/p>\n<p align=\"justify\"><span lang=\"es-MX\">Distribuir el <\/span><span lang=\"es-MX\"><b>peso<\/b><\/span><span lang=\"es-MX\"> de manera uniforme tambi\u00e9n ayudar\u00e1 a ahorrar energ\u00eda, <\/span><span lang=\"es-MX\"><b>un autom\u00f3vil de tama\u00f1o mediano aumenta su consumo en un 1% por cada 25 kg de peso adicional<\/b><\/span><span lang=\"es-MX\">. Por ejemplo, por cada 25 kg que no cargues en tu veh\u00edculo te vas a ahorrar 12 litros por a\u00f1o.<\/span><\/p>\n<p>&nbsp;<\/p>\n<p align=\"justify\"><span lang=\"es-MX\">Una vez al volante, ten\u00e9 en cuenta <\/span><span lang=\"es-MX\"><b>no realizar aceleraciones bruscas<\/b><\/span><span lang=\"es-MX\">, una buena referencia es circular a velocidades que no superen las 2000 RPM en caso de veh\u00edculos diesel y 2500 RPM en el caso de los veh\u00edculos nafteros.<\/span><\/p>\n<p>&nbsp;<\/p>\n<p align=\"justify\"><span lang=\"es-MX\">Otra manera de ahorrar combustible es <\/span><span lang=\"es-MX\"><b>no frenar a \u00faltimo momento y evitar las maniobras bruscas<\/b><\/span><span lang=\"es-MX\">, ir atento al tr\u00e1nsito te permitir\u00e1 disminuir la velocidad en forma gradual en caso de ser necesario y ayudar\u00e1 a evitar siniestros viales.<\/span><\/p>\n<p>&nbsp;<\/p>\n<p align=\"justify\"><span lang=\"es-MX\">Si te vas de viaje, ten\u00e9 en cuenta que circulando por encima de los 60 km\/h con los vidrios bajos, se provocar\u00e1 un efecto paraca\u00eddas frenando el auto y oblig\u00e1ndolo a consumir mayor cantidad de combustible. En tal caso, <\/span><span lang=\"es-MX\"><b>ser\u00e1 m\u00e1s eficiente prender el aire y utilizarlo forma moderada<\/b><\/span><span lang=\"es-MX\">.<\/span><\/p>\n<p>&nbsp;<\/p>\n<p align=\"justify\"><span lang=\"es-MX\"><b><img data-recalc-dims=\"1\" loading=\"lazy\" decoding=\"async\" class=\"aligncenter size-full wp-image-62910\" src=\"https:\/\/i0.wp.com\/cdnoticias.com\/wp-content\/uploads\/2022\/08\/Imagen-4-1.png?resize=762%2C493&#038;ssl=1\" alt=\"\" width=\"762\" height=\"493\" srcset=\"https:\/\/i0.wp.com\/cdnoticias.com\/wp-content\/uploads\/2022\/08\/Imagen-4-1.png?w=762&amp;ssl=1 762w, https:\/\/i0.wp.com\/cdnoticias.com\/wp-content\/uploads\/2022\/08\/Imagen-4-1.png?resize=300%2C194&amp;ssl=1 300w\" sizes=\"auto, (max-width: 762px) 100vw, 762px\" \/><\/b><\/span><\/p>\n<p>&nbsp;<\/p>\n<p align=\"justify\"><span lang=\"es-MX\"><b>Conclusiones<\/b><\/span><\/p>\n<p>&nbsp;<\/p>\n<p align=\"justify\"><span lang=\"es-MX\">Como vimos en el desarrollo de la columna, nuestra matriz energ\u00e9tica se compone en su mayor\u00eda de combustibles f\u00f3siles, que como ya sabes son <\/span><span lang=\"es-MX\"><b>recursos no renovables.<\/b><\/span><\/p>\n<p align=\"justify\"><span lang=\"es-MX\">Una gran parte de la emisi\u00f3n de los GEI son provocados por el transporte, pr\u00e1cticamente por autom\u00f3viles y camiones livianos.<\/span><b> <\/b><span lang=\"es-MX\">Este tipo de veh\u00edculos <\/span><span lang=\"es-MX\"><b>utilizan esta energ\u00eda en forma ineficiente, contaminan y adem\u00e1s se encuentran involucrados en numerosos siniestros viales<\/b><\/span><span lang=\"es-MX\">.<\/span><\/p>\n<p>&nbsp;<\/p>\n<p align=\"justify\"><span lang=\"es-MX\">En nuestros d\u00edas, la energ\u00eda es un bien escaso y por eso es importante <\/span><span lang=\"es-MX\"><b>racionalizar su uso y hacerlo de manera eficiente<\/b><\/span><span lang=\"es-MX\">, es aqu\u00ed donde radica la importancia de <\/span><span lang=\"es-MX\"><b>impulsar la movilidad activa<\/b><\/span><span lang=\"es-MX\">, que no utiliza m\u00e1s energ\u00eda que la de nuestro cuerpo, pero si aun as\u00ed decid\u00eds utilizar el veh\u00edculo ten\u00e9 cuenta que existen pr\u00e1cticas m\u00ednimas que permitir\u00e1n ahorrar energ\u00eda, consumirla de manera eficiente y reducir la posibilidad de siniestros viales.<\/span><\/p>\n<p align=\"justify\"><span lang=\"es-MX\">\u00bfY vos, conduc\u00eds de forma eficiente?<\/span><\/p>\n<p>&nbsp;<\/p>\n<p align=\"justify\"><span lang=\"es-MX\">Nos leemos en quince d\u00edas.<\/span><\/p>\n<p align=\"justify\"><span lang=\"es-MX\"><b>Fuentes:<\/b><\/span><\/p>\n<p align=\"justify\"><span lang=\"es-MX\">El gato y la caja, Movilidad: <a href=\"https:\/\/elgatoylacaja.com\/clima\/movilidad\">https:\/\/elgatoylacaja.com\/clima\/movilidad<\/a><\/span><\/p>\n<p align=\"justify\"><span lang=\"es-MX\">Instituto Nacional de la Administraci\u00f3n P\u00fablica (INAP)<\/span><\/p>\n","protected":false},"excerpt":{"rendered":"<p>No s\u00f3lo es ahorrar combustible: es acompa\u00f1ar un proceso de cuidado del medio ambiente, cuidar nuestro veh\u00edculo y darse la<\/p>\n","protected":false},"author":5,"featured_media":16262,"comment_status":"closed","ping_status":"closed","sticky":false,"template":"","format":"standard","meta":{"_jetpack_memberships_contains_paid_content":false,"footnotes":""},"categories":[5,1],"tags":[],"class_list":["post-62906","post","type-post","status-publish","format-standard","has-post-thumbnail","hentry","category-informacion-general","category-portada"],"jetpack_featured_media_url":"https:\/\/i0.wp.com\/cdnoticias.com\/wp-content\/uploads\/2021\/03\/534457_20200708215837.jpg?fit=1500%2C850&ssl=1","jetpack_sharing_enabled":true,"_links":{"self":[{"href":"https:\/\/cdnoticias.com\/index.php\/wp-json\/wp\/v2\/posts\/62906","targetHints":{"allow":["GET"]}}],"collection":[{"href":"https:\/\/cdnoticias.com\/index.php\/wp-json\/wp\/v2\/posts"}],"about":[{"href":"https:\/\/cdnoticias.com\/index.php\/wp-json\/wp\/v2\/types\/post"}],"author":[{"embeddable":true,"href":"https:\/\/cdnoticias.com\/index.php\/wp-json\/wp\/v2\/users\/5"}],"replies":[{"embeddable":true,"href":"https:\/\/cdnoticias.com\/index.php\/wp-json\/wp\/v2\/comments?post=62906"}],"version-history":[{"count":0,"href":"https:\/\/cdnoticias.com\/index.php\/wp-json\/wp\/v2\/posts\/62906\/revisions"}],"wp:featuredmedia":[{"embeddable":true,"href":"https:\/\/cdnoticias.com\/index.php\/wp-json\/wp\/v2\/media\/16262"}],"wp:attachment":[{"href":"https:\/\/cdnoticias.com\/index.php\/wp-json\/wp\/v2\/media?parent=62906"}],"wp:term":[{"taxonomy":"category","embeddable":true,"href":"https:\/\/cdnoticias.com\/index.php\/wp-json\/wp\/v2\/categories?post=62906"},{"taxonomy":"post_tag","embeddable":true,"href":"https:\/\/cdnoticias.com\/index.php\/wp-json\/wp\/v2\/tags?post=62906"}],"curies":[{"name":"wp","href":"https:\/\/api.w.org\/{rel}","templated":true}]}}