{"id":62900,"date":"2022-08-21T20:12:21","date_gmt":"2022-08-21T23:12:21","guid":{"rendered":"https:\/\/www.centraldenoticias.com.ar\/?p=62900"},"modified":"2023-08-05T21:19:05","modified_gmt":"2023-08-06T00:19:05","slug":"una-multitud-en-el-festejo-del-dia-de-la-ninez-en-el-predio-de-la-rural","status":"publish","type":"post","link":"https:\/\/cdnoticias.com\/index.php\/2022\/08\/21\/una-multitud-en-el-festejo-del-dia-de-la-ninez-en-el-predio-de-la-rural\/","title":{"rendered":"Una multitud en el festejo del D\u00eda de la Ni\u00f1ez en el predio de la Rural"},"content":{"rendered":"<p>Fue este domingo en la 40\u00b0 edici\u00f3n de la fiesta organizada en forma conjunta por el Municipio y M.A.N.O. <!--more--><\/p>\n<hr \/>\n<p>Este domingo por la tarde,<strong> el predio de la Sociedad Rural fue el punto de encuentro de miles de olavarrienses que se acercaron a festejar la 40\u00b0 edici\u00f3n de la fiesta por el D\u00eda de la Ni\u00f1ez<\/strong>, organizada de manera conjunta por el Municipio y M.A.N.O.<\/p>\n<p>&nbsp;<\/p>\n<p>Una gran cantidad de propuestas se dispusieron para que los m\u00e1s chicos puedan disfrutar de un d\u00eda especial, con <strong>varias actividades para chicos y chicas de todas las edades.<\/strong><\/p>\n<p>&nbsp;<\/p>\n<p><img data-recalc-dims=\"1\" loading=\"lazy\" decoding=\"async\" class=\"aligncenter size-full wp-image-62904\" src=\"https:\/\/i0.wp.com\/cdnoticias.com\/wp-content\/uploads\/2022\/08\/Cultura-Fiesta-Mano-5-scaled-1.jpg?resize=800%2C535&#038;ssl=1\" alt=\"\" width=\"800\" height=\"535\" srcset=\"https:\/\/i0.wp.com\/cdnoticias.com\/wp-content\/uploads\/2022\/08\/Cultura-Fiesta-Mano-5-scaled-1.jpg?w=2560&amp;ssl=1 2560w, https:\/\/i0.wp.com\/cdnoticias.com\/wp-content\/uploads\/2022\/08\/Cultura-Fiesta-Mano-5-scaled-1.jpg?resize=300%2C201&amp;ssl=1 300w, https:\/\/i0.wp.com\/cdnoticias.com\/wp-content\/uploads\/2022\/08\/Cultura-Fiesta-Mano-5-scaled-1.jpg?resize=1024%2C684&amp;ssl=1 1024w, https:\/\/i0.wp.com\/cdnoticias.com\/wp-content\/uploads\/2022\/08\/Cultura-Fiesta-Mano-5-scaled-1.jpg?resize=768%2C513&amp;ssl=1 768w, https:\/\/i0.wp.com\/cdnoticias.com\/wp-content\/uploads\/2022\/08\/Cultura-Fiesta-Mano-5-scaled-1.jpg?resize=1536%2C1027&amp;ssl=1 1536w, https:\/\/i0.wp.com\/cdnoticias.com\/wp-content\/uploads\/2022\/08\/Cultura-Fiesta-Mano-5-scaled-1.jpg?resize=2048%2C1369&amp;ssl=1 2048w, https:\/\/i0.wp.com\/cdnoticias.com\/wp-content\/uploads\/2022\/08\/Cultura-Fiesta-Mano-5-scaled-1.jpg?resize=272%2C182&amp;ssl=1 272w, https:\/\/i0.wp.com\/cdnoticias.com\/wp-content\/uploads\/2022\/08\/Cultura-Fiesta-Mano-5-scaled-1.jpg?w=1600&amp;ssl=1 1600w, https:\/\/i0.wp.com\/cdnoticias.com\/wp-content\/uploads\/2022\/08\/Cultura-Fiesta-Mano-5-scaled-1.jpg?w=2400&amp;ssl=1 2400w\" sizes=\"auto, (max-width: 800px) 100vw, 800px\" \/><\/p>\n<p>&nbsp;<\/p>\n<p>Ezequiel Galli, presente en el predio, se tom\u00f3 unos minutos para hablar ante el p\u00fablico presente y agradeci\u00f3 a los asistentes.<em> \u201cFabiana me dec\u00eda que <strong>hay entre 35 mil y 40 mil personas.<\/strong> Gracias a todos los vecinos y familias de Olavarr\u00eda que vinieron a disfrutar y acompa\u00f1arnos en este festejo del D\u00eda del Ni\u00f1o, hac\u00eda dos a\u00f1os que no pod\u00edamos hacerlo, pero ac\u00e1 estamos devuelta en este predio hermoso de la Sociedad Rural con much\u00edsimas actividades\u201d.<\/em><\/p>\n<p>&nbsp;<\/p>\n<p>Adem\u00e1s indic\u00f3 que<em> \u201cel clima nos acompa\u00f1\u00f3, realmente un d\u00eda espectacular para poder disfrutar de todas las propuestas que se han puesto a disposici\u00f3n desde el equipo de cultura, desarrollo econ\u00f3mico, deportes, desarrollo social, control urbano, salud, gracias a todos los que hicieron realidad esta fiesta\u201d.<\/em><\/p>\n<p>&nbsp;<\/p>\n<p><img data-recalc-dims=\"1\" loading=\"lazy\" decoding=\"async\" class=\"aligncenter size-full wp-image-62903\" src=\"https:\/\/i0.wp.com\/cdnoticias.com\/wp-content\/uploads\/2022\/08\/Cultura-Fiesta-Mano-4-scaled-1.jpg?resize=800%2C535&#038;ssl=1\" alt=\"\" width=\"800\" height=\"535\" srcset=\"https:\/\/i0.wp.com\/cdnoticias.com\/wp-content\/uploads\/2022\/08\/Cultura-Fiesta-Mano-4-scaled-1.jpg?w=2560&amp;ssl=1 2560w, https:\/\/i0.wp.com\/cdnoticias.com\/wp-content\/uploads\/2022\/08\/Cultura-Fiesta-Mano-4-scaled-1.jpg?resize=300%2C201&amp;ssl=1 300w, https:\/\/i0.wp.com\/cdnoticias.com\/wp-content\/uploads\/2022\/08\/Cultura-Fiesta-Mano-4-scaled-1.jpg?resize=1024%2C684&amp;ssl=1 1024w, https:\/\/i0.wp.com\/cdnoticias.com\/wp-content\/uploads\/2022\/08\/Cultura-Fiesta-Mano-4-scaled-1.jpg?resize=768%2C513&amp;ssl=1 768w, https:\/\/i0.wp.com\/cdnoticias.com\/wp-content\/uploads\/2022\/08\/Cultura-Fiesta-Mano-4-scaled-1.jpg?resize=1536%2C1027&amp;ssl=1 1536w, https:\/\/i0.wp.com\/cdnoticias.com\/wp-content\/uploads\/2022\/08\/Cultura-Fiesta-Mano-4-scaled-1.jpg?resize=2048%2C1369&amp;ssl=1 2048w, https:\/\/i0.wp.com\/cdnoticias.com\/wp-content\/uploads\/2022\/08\/Cultura-Fiesta-Mano-4-scaled-1.jpg?resize=272%2C182&amp;ssl=1 272w, https:\/\/i0.wp.com\/cdnoticias.com\/wp-content\/uploads\/2022\/08\/Cultura-Fiesta-Mano-4-scaled-1.jpg?w=1600&amp;ssl=1 1600w, https:\/\/i0.wp.com\/cdnoticias.com\/wp-content\/uploads\/2022\/08\/Cultura-Fiesta-Mano-4-scaled-1.jpg?w=2400&amp;ssl=1 2400w\" sizes=\"auto, (max-width: 800px) 100vw, 800px\" \/><\/p>\n<p>&nbsp;<\/p>\n<blockquote><p>\u201cHace much\u00edsimos a\u00f1os que M.A.N.O viene realizando esta fiesta. Es una tradici\u00f3n de Olavarr\u00eda y no se va a cortar. Vamos a seguir trabajando para poner a disposici\u00f3n de los chicos una fiesta para ellos, para que puedan disfrutar, divertirse y pasarlo bien\u201d, concluy\u00f3.<\/p><\/blockquote>\n<p>&nbsp;<\/p>\n<p>Por su parte, Fabiana Bahl de M.A.N.O, agreg\u00f3 que <em>\u201ces una alegr\u00eda poder compartir con la Municipalidad. Agradecer a Ezequiel que nos da el empuje para que nosotros podamos seguir. Y agradecer a la gente que siempre se acerca. Realmente es un punto de encuentro para la familia\u201d.<\/em><\/p>\n","protected":false},"excerpt":{"rendered":"<p>Fue este domingo en la 40\u00b0 edici\u00f3n de la fiesta organizada en forma conjunta por el Municipio y M.A.N.O.<\/p>\n","protected":false},"author":5,"featured_media":62902,"comment_status":"closed","ping_status":"closed","sticky":false,"template":"","format":"standard","meta":{"_jetpack_memberships_contains_paid_content":false,"footnotes":""},"categories":[5,1],"tags":[],"class_list":["post-62900","post","type-post","status-publish","format-standard","has-post-thumbnail","hentry","category-informacion-general","category-portada"],"jetpack_featured_media_url":"https:\/\/i0.wp.com\/cdnoticias.com\/wp-content\/uploads\/2022\/08\/Cultura-Fiesta-Mano-1-scaled-1.jpg?fit=2560%2C1711&ssl=1","jetpack_sharing_enabled":true,"_links":{"self":[{"href":"https:\/\/cdnoticias.com\/index.php\/wp-json\/wp\/v2\/posts\/62900","targetHints":{"allow":["GET"]}}],"collection":[{"href":"https:\/\/cdnoticias.com\/index.php\/wp-json\/wp\/v2\/posts"}],"about":[{"href":"https:\/\/cdnoticias.com\/index.php\/wp-json\/wp\/v2\/types\/post"}],"author":[{"embeddable":true,"href":"https:\/\/cdnoticias.com\/index.php\/wp-json\/wp\/v2\/users\/5"}],"replies":[{"embeddable":true,"href":"https:\/\/cdnoticias.com\/index.php\/wp-json\/wp\/v2\/comments?post=62900"}],"version-history":[{"count":0,"href":"https:\/\/cdnoticias.com\/index.php\/wp-json\/wp\/v2\/posts\/62900\/revisions"}],"wp:featuredmedia":[{"embeddable":true,"href":"https:\/\/cdnoticias.com\/index.php\/wp-json\/wp\/v2\/media\/62902"}],"wp:attachment":[{"href":"https:\/\/cdnoticias.com\/index.php\/wp-json\/wp\/v2\/media?parent=62900"}],"wp:term":[{"taxonomy":"category","embeddable":true,"href":"https:\/\/cdnoticias.com\/index.php\/wp-json\/wp\/v2\/categories?post=62900"},{"taxonomy":"post_tag","embeddable":true,"href":"https:\/\/cdnoticias.com\/index.php\/wp-json\/wp\/v2\/tags?post=62900"}],"curies":[{"name":"wp","href":"https:\/\/api.w.org\/{rel}","templated":true}]}}