{"id":62879,"date":"2022-08-21T12:26:59","date_gmt":"2022-08-21T15:26:59","guid":{"rendered":"https:\/\/www.centraldenoticias.com.ar\/?p=62879"},"modified":"2022-08-21T17:38:26","modified_gmt":"2022-08-21T20:38:26","slug":"sumando-kilometros-la-politica-de-olavarria-de-recorrida-por-la-seccion","status":"publish","type":"post","link":"https:\/\/cdnoticias.com\/index.php\/2022\/08\/21\/sumando-kilometros-la-politica-de-olavarria-de-recorrida-por-la-seccion\/","title":{"rendered":"Sumando kil\u00f3metros: la pol\u00edtica de Olavarr\u00eda de recorrida por la Secci\u00f3n"},"content":{"rendered":"<p>Oficialismo y oposiciones, de recorrida por 25 de Mayo, Alvear, Bol\u00edvar, Roque P\u00e9rez y varios etc\u00e9teras. La nueva imagen municipal, el color y el discurso conservador. Fomento con reapertura y pol\u00e9mica vecinal. <!--more--><\/p>\n<hr \/>\n<p><em>(Este es un extracto del newsletter Volver a las Fuentes*, realizado por Josefina Bargas y Alexis Grierson.<a href=\"https:\/\/mailchi.mp\/26f760fad128\/el-maravilloso-mundo-de-olavarra-en-la-sptima-seccin\" target=\"_blank\" rel=\"noopener\">\u00a0La versi\u00f3n completa la pueden leer ac\u00e1<\/a>).\u00a0<\/em><\/p>\n<p>&nbsp;<\/p>\n<p dir=\"ltr\"><u><strong>Subite a la gira por la secci\u00f3n<\/strong><\/u><\/p>\n<p>&nbsp;<\/p>\n<p><img data-recalc-dims=\"1\" loading=\"lazy\" decoding=\"async\" class=\"aligncenter size-full wp-image-62881\" src=\"https:\/\/i0.wp.com\/cdnoticias.com\/wp-content\/uploads\/2022\/08\/galli-25-mayo.jpg?resize=800%2C517&#038;ssl=1\" alt=\"\" width=\"800\" height=\"517\" srcset=\"https:\/\/i0.wp.com\/cdnoticias.com\/wp-content\/uploads\/2022\/08\/galli-25-mayo.jpg?w=1280&amp;ssl=1 1280w, https:\/\/i0.wp.com\/cdnoticias.com\/wp-content\/uploads\/2022\/08\/galli-25-mayo.jpg?resize=300%2C194&amp;ssl=1 300w, https:\/\/i0.wp.com\/cdnoticias.com\/wp-content\/uploads\/2022\/08\/galli-25-mayo.jpg?resize=1024%2C662&amp;ssl=1 1024w, https:\/\/i0.wp.com\/cdnoticias.com\/wp-content\/uploads\/2022\/08\/galli-25-mayo.jpg?resize=768%2C496&amp;ssl=1 768w\" sizes=\"auto, (max-width: 800px) 100vw, 800px\" \/><\/p>\n<p>&nbsp;<\/p>\n<p dir=\"ltr\"><strong>La dirigencia oficialista y opositora se mostr\u00f3 esta semana con actividades en la S\u00e9ptima.<\/strong>\u00a0Con agenda de gesti\u00f3n o con agenda de campa\u00f1a, las fotos que destacamos tienen a referentes de Olavarr\u00eda en localidades de la zona.<\/p>\n<p>&nbsp;<\/p>\n<p dir=\"ltr\">El diputado provincial y referente del oficialismo provincial,\u00a0<strong>C\u00e9sar Valicenti<\/strong>, encabez\u00f3 esta semana algunas actividades en\u00a0<strong>Bol\u00edvar y en Roque P\u00e9rez.<\/strong>\u00a0Ya lo hab\u00edamos visto la semana pasada en\u00a0<strong>Alvear y en Tapalqu\u00e9<\/strong>. En esta ocasi\u00f3n, sus apariciones se vincularon espec\u00edficamente a\u00a0<strong>actividades de gesti\u00f3n de Diputados y de la Gobernaci\u00f3n, y tambi\u00e9n con su rol de referente seccional del Frente de Todos.<\/strong><\/p>\n<p>&nbsp;<\/p>\n<p dir=\"ltr\">En el caso de Roque P\u00e9rez, hubo reuni\u00f3n con el intendente para plantear temas de gesti\u00f3n del municipio y m\u00e1s dirigentes provinciales, entre ellos el funcionario de la cartera de Gobierno y olavarriense, Guillermo Santell\u00e1n, quien ha ganado suma\u00a0<strong>notoriedad en las \u00faltimas apariciones p\u00fablicas de dirigentes del FdT local.<\/strong><\/p>\n<p>&nbsp;<\/p>\n<p dir=\"ltr\">Para Bol\u00edvar fueron con una actividad relacionada con la ampliaci\u00f3n del acceso a la educaci\u00f3n universitaria que adem\u00e1s, funcion\u00f3 como punto de confluencia con la referencia massista olavarriense y seccional.\u00a0<a href=\"https:\/\/twitter.com\/CesarValicenti\/status\/1560776490597240833?s=20&amp;t=eDhRh8BSh-c4vvOrcMG8gQ\" target=\"_blank\" rel=\"noopener\">\u00a1Mir\u00e1 qu\u00e9 foto se sacaron!<\/a><\/p>\n<p>&nbsp;<\/p>\n<p dir=\"ltr\">\u00bfDato de color? Tanto criticarlo por falta de territorialidad\u2026<strong>\u00bfqui\u00e9n estuvo en Bol\u00edvar? S\u00ed, el jefe de asesores y estrella eterna de este newsletter, Carli Bianco.\u00a0<\/strong><\/p>\n<p>&nbsp;<\/p>\n<p dir=\"ltr\">Hablamos de referencias massistas y no podemos olvidar a\u00a0<strong>Eduardo Rodr\u00edguez<\/strong>, quien por su parte tambi\u00e9n estuvo en<strong>\u00a0Bol\u00edvar y junto al gobernador Kicillof en General Alvear<\/strong>\u00a0la semana pasada. Uno de los puntos a tener en cuenta es que<strong>\u00a0se lo not\u00f3, tras varias semanas de lejan\u00eda, cercano a Valicenti, al menos compartiendo actos y en un clima m\u00e1s c\u00e1lido\u00a0<\/strong>luego de la distancia que se evidenci\u00f3 \u00bfproducto de las diferencias pol\u00edticas?<\/p>\n<p>&nbsp;<\/p>\n<p dir=\"ltr\">No olvidar, m\u00e1s all\u00e1 de todo, que\u00a0<strong>el Frente de Todos repite, s\u00e1bado a s\u00e1bado, una caminata los s\u00e1bados a la ma\u00f1ana por barrios de la ciudad.<\/strong>\u00a0No fue la excepci\u00f3n este s\u00e1bado que pas\u00f3 y recorrieron tanto barrio Nicol\u00e1s Avellaneda como barrio 10 de Junio.<\/p>\n<p dir=\"ltr\"><img data-recalc-dims=\"1\" loading=\"lazy\" decoding=\"async\" class=\"aligncenter size-full wp-image-62882\" src=\"https:\/\/i0.wp.com\/cdnoticias.com\/wp-content\/uploads\/2022\/08\/campora-caminata.jpg?resize=800%2C450&#038;ssl=1\" alt=\"\" width=\"800\" height=\"450\" srcset=\"https:\/\/i0.wp.com\/cdnoticias.com\/wp-content\/uploads\/2022\/08\/campora-caminata.jpg?w=1152&amp;ssl=1 1152w, https:\/\/i0.wp.com\/cdnoticias.com\/wp-content\/uploads\/2022\/08\/campora-caminata.jpg?resize=300%2C169&amp;ssl=1 300w, https:\/\/i0.wp.com\/cdnoticias.com\/wp-content\/uploads\/2022\/08\/campora-caminata.jpg?resize=1024%2C576&amp;ssl=1 1024w, https:\/\/i0.wp.com\/cdnoticias.com\/wp-content\/uploads\/2022\/08\/campora-caminata.jpg?resize=768%2C432&amp;ssl=1 768w\" sizes=\"auto, (max-width: 800px) 100vw, 800px\" \/><\/p>\n<p>&nbsp;<\/p>\n<p dir=\"ltr\"><strong>Ezequiel Galli tambi\u00e9n aprovech\u00f3 la semana para salir de gira\u00a0<\/strong>aunque en su caso el corte es m\u00e1s electoral y, tambi\u00e9n, de reafirmaci\u00f3n del liderazgo: estuvo en\u00a0<strong>25 de Mayo<\/strong>\u00a0hasta donde lleg\u00f3 con funcionarios de su gabinete.\u00a0<strong>Ya hace varias semanas que repite metodolog\u00eda, ya que un d\u00eda a la semana viaja a un distrito de la S\u00e9ptima en recorrida con funcionarios y concejales de su espacio.\u00a0<\/strong><\/p>\n<p>&nbsp;<\/p>\n<p dir=\"ltr\">La estrella local del Pro es Ramiro Eg\u00fcen, concejal, quien recibi\u00f3 al intendente de Olavarr\u00eda y su equipo para una recorrida por empresas.<\/p>\n<p>&nbsp;<\/p>\n<p dir=\"ltr\">Pero<strong>\u00a0las referencias seccionales para el Pro (y para Juntos) siguieron\u00a0<\/strong>y sumaron un signo de exclamaci\u00f3n para quienes seguimos las internas del Pro. Es que Ezequiel\u00a0<a href=\"https:\/\/twitter.com\/ezequielgalli\/status\/1560320001294233600?s=20&amp;t=eDhRh8BSh-c4vvOrcMG8gQ%C2%A0\" target=\"_blank\" rel=\"noopener\"><strong>Galli (y alg\u00fan que otro dirigente replic\u00f3) repudi\u00f3 un ataque a la figura de \u2026. Cristian Ritondo.\u00a0\u00a0\u00a0<\/strong><\/a><\/p>\n<p>&nbsp;<\/p>\n<p dir=\"ltr\">Fue\u00a0<strong>una concejal de Bol\u00edvar, quien hizo una referencia chicanera poco feliz a una declaraci\u00f3n del diputado nacional<\/strong>\u00a0y quien busca ser candidato a gobernador bonaerense. Sus dichos\u00a0<a href=\"https:\/\/www.diariolamanana.com.ar\/noticia\/el-pro-local-exige-a-una-concejal-oficialista-de-bolivar-un-pedido-de-disculpas\/\" target=\"_blank\" rel=\"noopener\">despertaron el reclamo del Pro bolivarense y desde all\u00ed se extendieron a la secci\u00f3n.<\/a><\/p>\n<p>&nbsp;<\/p>\n<blockquote class=\"twitter-tweet\">\n<p dir=\"ltr\" lang=\"es\">Totalmente repudiable la publicaci\u00f3n de la concejal del FdT de <a href=\"https:\/\/twitter.com\/hashtag\/Bolivar?src=hash&amp;ref_src=twsrc%5Etfw\">#Bolivar<\/a> M\u00f3nica Ochoa sobre <a href=\"https:\/\/twitter.com\/cristianritondo?ref_src=twsrc%5Etfw\">@cristianritondo<\/a> . La sociedad nos exige el camino del di\u00e1logo y los acuerdos, no el de la agresi\u00f3n <a href=\"https:\/\/t.co\/RButvTBiIk\">pic.twitter.com\/RButvTBiIk<\/a><\/p>\n<p>\u2014 Hilario Galli (@HilarioGalli) <a href=\"https:\/\/twitter.com\/HilarioGalli\/status\/1560318999891787776?ref_src=twsrc%5Etfw\">August 18, 2022<\/a><\/p><\/blockquote>\n<p><script async src=\"https:\/\/platform.twitter.com\/widgets.js\" charset=\"utf-8\"><\/script><\/p>\n<p>&nbsp;<\/p>\n<p dir=\"ltr\">Y ya que estamos ah\u00ed, mencionemos que<strong>\u00a0semana a semana la referencia \u201critondista\u201d en Olavarr\u00eda se mantiene con actividades en su local partidario<\/strong>, el cual hasta ahora no presentaron formalmente, y en los \u00faltimos d\u00edas estuvieron en la calle con la difusi\u00f3n de un proyecto de ley vinculado con el tema educaci\u00f3n.\u00a0<strong>La cara visible es Dalton J\u00e1uregui.<\/strong><\/p>\n<p>&nbsp;<\/p>\n<p dir=\"ltr\">\u00bfSeguimos el repaso? Quien hace algunas semanas<strong>\u00a0cobr\u00f3 una visibilizaci\u00f3n y un rol vinculado a las mujeres dentro del Pro es Cecilia Krivochen, presidenta del Concejo Deliberante.\u00a0<\/strong><\/p>\n<p>&nbsp;<\/p>\n<p dir=\"ltr\">Luego de tener un lugar central en varias recorridas seccionales junto al Intendente Galli (y con la concejal Maite Salerno como ladera),\u00a0<strong>la legisladora estuvo presente en Lan\u00fas para un Encuentro de Mujeres con eje en la Educaci\u00f3n. \u00bfA qui\u00e9n represent\u00f3 Krivochen? A la S\u00e9ptima. Ojo al dato\u2026<\/strong><\/p>\n<p>&nbsp;<\/p>\n<p dir=\"ltr\"><u><strong>Un buen d\u00eda con Whatsapp, actuaci\u00f3n y color<\/strong><\/u><\/p>\n<p dir=\"ltr\"><img data-recalc-dims=\"1\" loading=\"lazy\" decoding=\"async\" class=\"aligncenter size-full wp-image-62883\" src=\"https:\/\/i0.wp.com\/cdnoticias.com\/wp-content\/uploads\/2022\/08\/WhatsApp-Image-2022-08-21-at-12.19.09-PM.jpeg?resize=800%2C1111&#038;ssl=1\" alt=\"\" width=\"800\" height=\"1111\" srcset=\"https:\/\/i0.wp.com\/cdnoticias.com\/wp-content\/uploads\/2022\/08\/WhatsApp-Image-2022-08-21-at-12.19.09-PM.jpeg?w=922&amp;ssl=1 922w, https:\/\/i0.wp.com\/cdnoticias.com\/wp-content\/uploads\/2022\/08\/WhatsApp-Image-2022-08-21-at-12.19.09-PM.jpeg?resize=216%2C300&amp;ssl=1 216w, https:\/\/i0.wp.com\/cdnoticias.com\/wp-content\/uploads\/2022\/08\/WhatsApp-Image-2022-08-21-at-12.19.09-PM.jpeg?resize=738%2C1024&amp;ssl=1 738w, https:\/\/i0.wp.com\/cdnoticias.com\/wp-content\/uploads\/2022\/08\/WhatsApp-Image-2022-08-21-at-12.19.09-PM.jpeg?resize=768%2C1066&amp;ssl=1 768w\" sizes=\"auto, (max-width: 800px) 100vw, 800px\" \/><\/p>\n<p>&nbsp;<\/p>\n<p dir=\"ltr\">Un viejo conocido de la pol\u00edtica se tom\u00f3 unos minutos para contactarse con este newsletter y se\u00f1alar algo muy interesante:\u00a0<strong><em>\u201cmuy lindo el colorido y la ciudad\u2026pero el discurso es un discurso bien de Ezequiel, \u00bfqu\u00e9 significa eso? \u00bfrelanzamiento de gesti\u00f3n o lanzamiento de campa\u00f1a?\u201d<\/em><\/strong>\u00a0dejamos el puntapi\u00e9 de lo sucedido con el Intendente y sus movimientos en la semana.<\/p>\n<p>&nbsp;<\/p>\n<p dir=\"ltr\">En los \u00faltimos d\u00edas se\u00a0<strong>notaba un cambio sustancial en el manejo de redes del Intendente<\/strong>: uso de tipograf\u00edas, manejo de reels y de publicaciones tanto en Facebook como en Twitter. Y dos gestos ratificaron este cambio que mostrar\u00e1 otra gesti\u00f3n (al menos en el presagio de sus anuncios) de ahora en m\u00e1s.<\/p>\n<p>&nbsp;<\/p>\n<p dir=\"ltr\">El primero tiene que ver con<strong>\u00a0el dolor de cuello que tendr\u00e1 el Intendente de tanto responder mensajes por Whatsapp: decidi\u00f3 lanzar una l\u00ednea directa para hablar con \u00e9l<\/strong>, tan directa que con una actuaci\u00f3n digna de\u2026 una nominaci\u00f3n al Mart\u00edn Fierro (\u00bfse lo gana?) explic\u00f3 que si le escriben a dicha l\u00ednea de celular, \u00e9l responder\u00e1 con un audio.<\/p>\n<p>&nbsp;<\/p>\n<p dir=\"ltr\"><strong>Volver a las Fuentes logr\u00f3 saber que fue una decisi\u00f3n 100% del Intendente.\u00a0<\/strong>Que incluso muchos advirtieron lo que significa tener una l\u00ednea directa. Los resultados confirmaron esas sospechas: m\u00e1s de dos mil mensajes, cadenas de Whatsapp por temas en com\u00fan, reclamos, consultas\u2026 y tant\u00edsimo m\u00e1s.<\/p>\n<p>&nbsp;<\/p>\n<p dir=\"ltr\">Un peque\u00f1o an\u00e1lisis: m\u00e1s all\u00e1 de la posibilidad de hablar directamente con el Intendente, los dos mil mensajes\u00a0<strong>\u00bfno dan cuenta de la necesidad de reclamar o tener contacto con una autoridad municipal ya sea por un reclamo, una inquietud o simplemente una respuesta? \u00bfFuncionan realmente las l\u00edneas de contactos para vecinos o es un punto a mejorar?<\/strong><\/p>\n<p>&nbsp;<\/p>\n<p dir=\"ltr\">A esto le faltaba la segunda movida marketinera, que tiene que ver con un cambio de imagen municipal, con slogan y todo.\u00a0<strong>Holavarr\u00eda, siempre es un buen d\u00eda\u2026fuaaa.<\/strong>\u00a0Citaremos a un colega que por Twitter lo resumi\u00f3 de forma perfecta:\u00a0<strong><em>\u201cun penal al medio, una milanesa con papas fritas, el Jijiji del publicista\u201d.<\/em><\/strong><\/p>\n<blockquote class=\"twitter-tweet\">\n<p dir=\"ltr\" lang=\"es\"><a href=\"https:\/\/twitter.com\/hashtag\/HOlavarr%C3%ADa?src=hash&amp;ref_src=twsrc%5Etfw\">#HOlavarr\u00eda<\/a> \ud83d\udc4b\ud83c\udffc<br \/>\nSiempre un buen d\u00eda. <a href=\"https:\/\/t.co\/Mo9xfWmR0X\">pic.twitter.com\/Mo9xfWmR0X<\/a><\/p>\n<p>\u2014 Ezequiel Galli (@ezequielgalli) <a href=\"https:\/\/twitter.com\/ezequielgalli\/status\/1560990001810251777?ref_src=twsrc%5Etfw\">August 20, 2022<\/a><\/p><\/blockquote>\n<p><script async src=\"https:\/\/platform.twitter.com\/widgets.js\" charset=\"utf-8\"><\/script><\/p>\n<p dir=\"ltr\">Salvando los animales extra\u00f1os que aparecieron (\u00bfqui\u00e9n estaba disfrazado de oso panda buena onda?) y alguno que otro que se\u00f1al\u00f3 que nadie lo critic\u00f3 porque todos los medios fueron comprados por el macrismo (entre tantas ventas por ah\u00ed hasta vendemos el newsletter)\u00a0<strong>el spot apunt\u00f3 a mostrar una cara m\u00e1s alegre de la ciudad, m\u00e1s vinculada al disfrute y a lo colorido. Es renovar y darle color a una ciudad hist\u00f3ricamente gris por su cemento y todo lo que lo rodea, se ley\u00f3.<\/strong><\/p>\n<p>&nbsp;<\/p>\n<p dir=\"ltr\">Pero (siempre habr\u00e1 un pero) lo interesante es el mensaje.<strong>\u00a0Un mensaje m\u00e1s duro, incluso hasta m\u00e1s conservador, bajo un \u201cHola\u2026varr\u00eda\u201d archi conocido.\u00a0<\/strong>Termina siendo un discurso conservador. Y no est\u00e1 mal, el se\u00f1alamiento no apunta a esa cuesti\u00f3n. Pero<strong>\u00a0sirve para identificar la intenci\u00f3n final del spot y, a la larga, de todo el cambio de imagen.<\/strong><\/p>\n<p>&nbsp;<\/p>\n<p dir=\"ltr\">La vaca Margarita, el campo, los obreros, la industria, el levantarse para ganarse el pan\u2026 los personajes que aparecen, la historia, la intenci\u00f3n (\u00bfla no pol\u00edtica?), se\u00f1ala valores hist\u00f3ricos para la ciudad.\u00a0<strong>Es decir, en ese marco, se apel\u00f3 a la esencia del olavarriense medio, ese que parece acompa\u00f1ar, siempre, la gesti\u00f3n Galli.<\/strong><\/p>\n<p>&nbsp;<\/p>\n<p dir=\"ltr\">Entonces, \u00bfcu\u00e1l es el objetivo final? Ha sido, a las claras, un a\u00f1o dif\u00edcil para la gesti\u00f3n. Con el desgaste propio de siete a\u00f1os, con un a\u00f1o signado por las denuncias vinculadas a irregularidades dentro del Municipio (que la Justicia actualmente investiga)\u00a0<strong>el jefe comunal protagoniza, desde Whatsapp y v\u00eda el spot institucional, un relanzamiento pero tambi\u00e9n las bases de lo que se viene.<\/strong><\/p>\n<p>&nbsp;<\/p>\n<p dir=\"ltr\"><strong>Y si se perdi\u00f3 acompa\u00f1amiento, quieren recuperarlo. Y si es el votante medio el que duda, la b\u00fasqueda de reforzar la identidad.<\/strong>\u00a0Lo que en principio parece un relanzamiento de la gesti\u00f3n en un a\u00f1o complejo desde todos los sentidos, \u00bfes la base de la campa\u00f1a que protagonizar\u00e1 Ezequiel Galli en b\u00fasqueda de la re-re?\u00a0<strong>Hola, Ezequiel.\u00a0<\/strong><\/p>\n<p>&nbsp;<\/p>\n<p dir=\"ltr\"><u><strong>Final bailado<\/strong><\/u><\/p>\n<p dir=\"ltr\"><img data-recalc-dims=\"1\" loading=\"lazy\" decoding=\"async\" class=\"aligncenter size-full wp-image-61528\" src=\"https:\/\/i0.wp.com\/cdnoticias.com\/wp-content\/uploads\/2022\/08\/fomento-pueblo-nuevo00.jpg?resize=800%2C445&#038;ssl=1\" alt=\"\" width=\"800\" height=\"445\" srcset=\"https:\/\/i0.wp.com\/cdnoticias.com\/wp-content\/uploads\/2022\/08\/fomento-pueblo-nuevo00.jpg?w=800&amp;ssl=1 800w, https:\/\/i0.wp.com\/cdnoticias.com\/wp-content\/uploads\/2022\/08\/fomento-pueblo-nuevo00.jpg?resize=300%2C167&amp;ssl=1 300w, https:\/\/i0.wp.com\/cdnoticias.com\/wp-content\/uploads\/2022\/08\/fomento-pueblo-nuevo00.jpg?resize=768%2C427&amp;ssl=1 768w\" sizes=\"auto, (max-width: 800px) 100vw, 800px\" \/><\/p>\n<p>&nbsp;<\/p>\n<p dir=\"ltr\">El jueves se conoci\u00f3 qu<strong>e el Municipio volvi\u00f3 a dar una habilitaci\u00f3n a Fomento Disco.<\/strong>\u00a0La novedad se comunic\u00f3 de manera oficial, a trav\u00e9s de la web municipal, y con detalles que, por ahora, suman a la confusi\u00f3n general.<\/p>\n<p>&nbsp;<\/p>\n<p dir=\"ltr\">Adem\u00e1s, casi al mismo tiempo que conoc\u00eda esta novedad,\u00a0<strong>un grupo de vecinos de la sociedad de fomento Pueblo Nuevo estaba reunido con concejales del Frente de Todos<\/strong>\u00a0para tratar justamente ese tema, y all\u00ed se enteraron de la re-habilitaci\u00f3n.<\/p>\n<p>&nbsp;<\/p>\n<p dir=\"ltr\">Seg\u00fan se explic\u00f3 desde el interbloque, los vecinos pidieron la reuni\u00f3n en relaci\u00f3n al proyecto que present\u00f3 el Frente de Todos (y fue aprobado) hace dos semanas donde expusieron, justamente, varios cuestionamientos al funcionamiento del boliche pero tambi\u00e9n de la entidad fomentista. \u201c<em>Indicaron que la Sociedad de Fomento perdi\u00f3 su esencia\u201d\u00a0<\/em>dijeron los concejales sobre las apreciaciones de los vecinos.<\/p>\n<p>&nbsp;<\/p>\n<p dir=\"ltr\">Algo as\u00ed hab\u00eda comentado la concejal Telma Cazot cuando se trat\u00f3 el tema en sesi\u00f3n donde adem\u00e1s expuso que el boliche funcionaba con una \u201chabilitaci\u00f3n precaria\u201d hasta que fue revocada a principios de julio.<\/p>\n<p>&nbsp;<\/p>\n<p dir=\"ltr\">En esa ocasi\u00f3n, en la comunicaci\u00f3n oficial el Municipio se\u00f1al\u00f3 que la medida de revocaci\u00f3n de habilitaci\u00f3n se tom\u00f3 por incumplimiento de la legislaci\u00f3n que regula la actividad del personal de seguridad. Cuando se comunic\u00f3 esta semana la \u201cnueva habilitaci\u00f3n\u201d hubo dos referencias al tema.\u00a0<em>\u201cLa contrataci\u00f3n de una empresa habilitada en el rubro de servicio de control de admisi\u00f3n y permanencia\u201d\u00a0<\/em>y, en el \u00faltimo p\u00e1rrafo del comunicado, se afirma que<em>\u00a0\u201clos empleados de seguridad de Fomento Pueblo Nuevo poseen la certificaci\u00f3n que requiere la ley 26370 que establece las reglas de habilitaci\u00f3n del personal que realiza tareas de control de admisi\u00f3n y permanencia de p\u00fablico en general\u201d.\u00a0<\/em><\/p>\n<p>&nbsp;<\/p>\n<p><img data-recalc-dims=\"1\" loading=\"lazy\" decoding=\"async\" class=\"aligncenter size-full wp-image-62671\" src=\"https:\/\/i0.wp.com\/cdnoticias.com\/wp-content\/uploads\/2022\/08\/inspecciondefensacivil-1024x768-1.jpg?resize=800%2C600&#038;ssl=1\" alt=\"\" width=\"800\" height=\"600\" srcset=\"https:\/\/i0.wp.com\/cdnoticias.com\/wp-content\/uploads\/2022\/08\/inspecciondefensacivil-1024x768-1.jpg?w=1024&amp;ssl=1 1024w, https:\/\/i0.wp.com\/cdnoticias.com\/wp-content\/uploads\/2022\/08\/inspecciondefensacivil-1024x768-1.jpg?resize=300%2C225&amp;ssl=1 300w, https:\/\/i0.wp.com\/cdnoticias.com\/wp-content\/uploads\/2022\/08\/inspecciondefensacivil-1024x768-1.jpg?resize=768%2C576&amp;ssl=1 768w\" sizes=\"auto, (max-width: 800px) 100vw, 800px\" \/><\/p>\n<p>&nbsp;<\/p>\n<p dir=\"ltr\">Hay que recordar que en las semanas previas, la sociedad de fomento ven\u00eda comunicando que manten\u00eda contacto con una instituci\u00f3n educativa de La Plata para la formaci\u00f3n de este personal.<strong>\u00a0\u00bfQu\u00e9 pas\u00f3 con el personal que hab\u00eda que formar? \u00bfCu\u00e1l es su lugar ahora que se contrat\u00f3 una empresa para tercerizar el servicio?<\/strong><\/p>\n<p>&nbsp;<\/p>\n<p dir=\"ltr\"><em>\u201cLa Subsecretar\u00eda de Legal y T\u00e9cnica dictamin\u00f3 que corresponde otorgar una nueva habilitaci\u00f3n al sal\u00f3n bailable de la Sociedad de Fomento Pueblo Nuevo por considerar que se han subsanado los motivos que motivaron la caducidad de la habilitaci\u00f3n anterior\u201d<\/em>\u00a0dice el comunicado. A continuaci\u00f3n se menciona una serie de seguros contratados y estudios realizados que, cuando se inform\u00f3 la revocaci\u00f3n no se hab\u00edan mencionado como problemas.<\/p>\n<p>&nbsp;<\/p>\n<p dir=\"ltr\">A lo que no hay referencia es a ning\u00fan estudio de impacto ambiental, donde deber\u00edan considerarse las relaciones vecinales.<\/p>\n<p>* Un extracto<\/p>\n<p>&nbsp;<\/p>\n<p><em>Esta publicaci\u00f3n es parte de la edici\u00f3n de este domingo del\u00a0newsletter Volver a las Fuentes\u00a0que escriben\u00a0Alexis Grierson y Josefina Bargas.\u00a0La edici\u00f3n completa est\u00e1 disponible aqu\u00ed\u00a0y se suscribir de forma gratuita para recibirlo por mail<a href=\"https:\/\/gmail.us17.list-manage.com\/subscribe?u=cba2a41506a8e26d100c3f0f8&amp;id=63ce583cd9\" target=\"_blank\" rel=\"noopener\">\u00a0dejando sus datos en este formulario.<\/a><\/em><\/p>\n","protected":false},"excerpt":{"rendered":"<p>Oficialismo y oposiciones, de recorrida por 25 de Mayo, Alvear, Bol\u00edvar, Roque P\u00e9rez y varios etc\u00e9teras. La nueva imagen municipal,<\/p>\n","protected":false},"author":5,"featured_media":62880,"comment_status":"closed","ping_status":"closed","sticky":false,"template":"","format":"standard","meta":{"_jetpack_memberships_contains_paid_content":false,"footnotes":""},"categories":[4,1],"tags":[],"class_list":["post-62879","post","type-post","status-publish","format-standard","has-post-thumbnail","hentry","category-politica","category-portada"],"jetpack_featured_media_url":"https:\/\/i0.wp.com\/cdnoticias.com\/wp-content\/uploads\/2022\/08\/recorrida-bolivar.jpg?fit=1440%2C961&ssl=1","jetpack_sharing_enabled":true,"_links":{"self":[{"href":"https:\/\/cdnoticias.com\/index.php\/wp-json\/wp\/v2\/posts\/62879","targetHints":{"allow":["GET"]}}],"collection":[{"href":"https:\/\/cdnoticias.com\/index.php\/wp-json\/wp\/v2\/posts"}],"about":[{"href":"https:\/\/cdnoticias.com\/index.php\/wp-json\/wp\/v2\/types\/post"}],"author":[{"embeddable":true,"href":"https:\/\/cdnoticias.com\/index.php\/wp-json\/wp\/v2\/users\/5"}],"replies":[{"embeddable":true,"href":"https:\/\/cdnoticias.com\/index.php\/wp-json\/wp\/v2\/comments?post=62879"}],"version-history":[{"count":0,"href":"https:\/\/cdnoticias.com\/index.php\/wp-json\/wp\/v2\/posts\/62879\/revisions"}],"wp:featuredmedia":[{"embeddable":true,"href":"https:\/\/cdnoticias.com\/index.php\/wp-json\/wp\/v2\/media\/62880"}],"wp:attachment":[{"href":"https:\/\/cdnoticias.com\/index.php\/wp-json\/wp\/v2\/media?parent=62879"}],"wp:term":[{"taxonomy":"category","embeddable":true,"href":"https:\/\/cdnoticias.com\/index.php\/wp-json\/wp\/v2\/categories?post=62879"},{"taxonomy":"post_tag","embeddable":true,"href":"https:\/\/cdnoticias.com\/index.php\/wp-json\/wp\/v2\/tags?post=62879"}],"curies":[{"name":"wp","href":"https:\/\/api.w.org\/{rel}","templated":true}]}}