{"id":62853,"date":"2022-08-20T20:00:03","date_gmt":"2022-08-20T23:00:03","guid":{"rendered":"https:\/\/www.centraldenoticias.com.ar\/?p=62853"},"modified":"2022-08-20T20:00:03","modified_gmt":"2022-08-20T23:00:03","slug":"gladys-noemi-rivolta-de-fernandez-q-e-p-d","status":"publish","type":"post","link":"https:\/\/cdnoticias.com\/index.php\/2022\/08\/20\/gladys-noemi-rivolta-de-fernandez-q-e-p-d\/","title":{"rendered":"Gladys Noem\u00ed Rivolta de Fern\u00e1ndez (Q.E.P.D.)"},"content":{"rendered":"<p>Falleci\u00f3 en Olavarr\u00eda el 20 de agosto de 2022 a los 64 a\u00f1os de edad. Su esposo Ricardo Fern\u00e1ndez; su hijo Nacho; su hija pol\u00edtica: Carolina; su nieta Pilar; su madre Zulma Bonino; sus hermanos Mario, Eduardo y Pepe; sus hermanas de la vida que la acompa\u00f1aron hasta el \u00faltimo momento y dem\u00e1s deudos participan su fallecimiento.<\/p>\n<p>&nbsp;<\/p>\n<p>Se ruega no enviar flores.<\/p>\n<p>&nbsp;<\/p>\n<p>Sus restos ser\u00e1n velados en Espa\u00f1a 2942 Sala &#8220;C&#8221;, (cierra 00:00, abre domingo 8:00 y finaliza 11:00) y ser\u00e1n cremados en Crematorio Pinos de Paz el lunes 22 de agosto a las 15:00, previo responso en la capilla ardiente. Vecina de Microcentro. Nacida en Roque P\u00e9rez. Comerciante Jubilada, ex propietaria de Agencia &#8220;Rex&#8221;.<\/p>\n","protected":false},"excerpt":{"rendered":"<p>Falleci\u00f3 en Olavarr\u00eda el 20 de agosto de 2022 a los 64 a\u00f1os de edad. Su esposo Ricardo Fern\u00e1ndez; su<\/p>\n","protected":false},"author":5,"featured_media":51544,"comment_status":"closed","ping_status":"closed","sticky":false,"template":"","format":"standard","meta":{"_jetpack_memberships_contains_paid_content":false,"footnotes":""},"categories":[10],"tags":[],"class_list":["post-62853","post","type-post","status-publish","format-standard","has-post-thumbnail","hentry","category-necrologicas"],"jetpack_featured_media_url":"https:\/\/i0.wp.com\/cdnoticias.com\/wp-content\/uploads\/2022\/04\/necrologicas-390-x-240.jpg?fit=390%2C240&ssl=1","jetpack_sharing_enabled":true,"_links":{"self":[{"href":"https:\/\/cdnoticias.com\/index.php\/wp-json\/wp\/v2\/posts\/62853","targetHints":{"allow":["GET"]}}],"collection":[{"href":"https:\/\/cdnoticias.com\/index.php\/wp-json\/wp\/v2\/posts"}],"about":[{"href":"https:\/\/cdnoticias.com\/index.php\/wp-json\/wp\/v2\/types\/post"}],"author":[{"embeddable":true,"href":"https:\/\/cdnoticias.com\/index.php\/wp-json\/wp\/v2\/users\/5"}],"replies":[{"embeddable":true,"href":"https:\/\/cdnoticias.com\/index.php\/wp-json\/wp\/v2\/comments?post=62853"}],"version-history":[{"count":0,"href":"https:\/\/cdnoticias.com\/index.php\/wp-json\/wp\/v2\/posts\/62853\/revisions"}],"wp:featuredmedia":[{"embeddable":true,"href":"https:\/\/cdnoticias.com\/index.php\/wp-json\/wp\/v2\/media\/51544"}],"wp:attachment":[{"href":"https:\/\/cdnoticias.com\/index.php\/wp-json\/wp\/v2\/media?parent=62853"}],"wp:term":[{"taxonomy":"category","embeddable":true,"href":"https:\/\/cdnoticias.com\/index.php\/wp-json\/wp\/v2\/categories?post=62853"},{"taxonomy":"post_tag","embeddable":true,"href":"https:\/\/cdnoticias.com\/index.php\/wp-json\/wp\/v2\/tags?post=62853"}],"curies":[{"name":"wp","href":"https:\/\/api.w.org\/{rel}","templated":true}]}}