{"id":62842,"date":"2022-08-20T18:20:23","date_gmt":"2022-08-20T21:20:23","guid":{"rendered":"https:\/\/www.centraldenoticias.com.ar\/?p=62842"},"modified":"2022-08-20T20:26:23","modified_gmt":"2022-08-20T23:26:23","slug":"este-domingo-se-celebrara-un-nuevo-dia-de-la-ninez-en-la-rural","status":"publish","type":"post","link":"https:\/\/cdnoticias.com\/index.php\/2022\/08\/20\/este-domingo-se-celebrara-un-nuevo-dia-de-la-ninez-en-la-rural\/","title":{"rendered":"Este domingo se celebrar\u00e1 un nuevo D\u00eda de la Ni\u00f1ez en La Rural"},"content":{"rendered":"<p>La actividad es organizada por MANO y la Municipalidad. Desde las 14:00 habr\u00e1 distintas actividades, juegos y espect\u00e1culos. Tambi\u00e9n se dispondr\u00e1n colectivos gratuitos para acceder al encuentro.<!--more--><\/p>\n<hr \/>\n<p>Este domingo 21 de agosto, en el predio de la Sociedad Rural, se realizar\u00e1 la <strong>40\u00aa Fiesta D\u00eda de la Ni\u00f1ez 2022<\/strong>, que vuelve con entretenidas y atractivas propuestas para celebrar este d\u00eda tan especial.<\/p>\n<p>&nbsp;<\/p>\n<p>Se trata de una nueva edici\u00f3n de esta tradicional fiesta que espera reunir a cientos de ni\u00f1os y ni\u00f1as de Olavarr\u00eda y la regi\u00f3n,<strong> organizada conjuntamente entre MANO (Movimiento a la Alegr\u00eda del Ni\u00f1o Olavarriense) y la Municipalidad de Olavarr\u00eda.<\/strong><\/p>\n<blockquote><p>&nbsp;<\/p>\n<p>La jornada se iniciar\u00e1 a las 14 horas y est\u00e1 previsto que finalice alrededor de las 18 horas.<\/p><\/blockquote>\n<p>&nbsp;<\/p>\n<p>La propuesta incluye: juegos inflables, maquillaje art\u00edstico, payasos y malabaristas, estatuas vivientes, mimos, parkur, talleres de concientizaci\u00f3n ambiental, talleres de percusi\u00f3n con materiales reciclables, talleres art\u00edsticos, juegos deportivos, una exposici\u00f3n est\u00e1tica y juegos organizados por el Regimiento de Caballer\u00eda Tanques 2 \u201cLanceros Gral Paz\u201d y una maravillosa exhibici\u00f3n de los Bomberos Voluntarios.<\/p>\n<p>&nbsp;<\/p>\n<p>Los espect\u00e1culos art\u00edsticos se desarrollar\u00e1n sobre <strong>tres escenarios distribuidos en diferentes espacios del predio, y dentro del pabell\u00f3n se realizar\u00e1n talleres y actividades organizadas por las Escuelas de Art\u00edstica Municipal.<\/strong><\/p>\n<p>&nbsp;<\/p>\n<p>Todos los ni\u00f1os y ni\u00f1as podr\u00e1n disfrutar de golosinas, pochoclos y del tradicional chocolate y las facturas elaboradas por el Servicio Penitenciario Provincial.<\/p>\n<p>&nbsp;<\/p>\n<p>Los espect\u00e1culos art\u00edsticos se llevar\u00e1n a cabo, siguiendo el cronograma que se detalla a continuaci\u00f3n:<\/p>\n<p>&nbsp;<\/p>\n<p><strong>Escenario 1 (principal)<\/strong><\/p>\n<p>14:00 hs. Apertura<\/p>\n<p>14:30 hs. Presentaci\u00f3n del grupo musical \u201cLas Rockeristicas\u201d<\/p>\n<p>15:30 hs. Presentaci\u00f3n de la compa\u00f1\u00eda de teatro\/circo Mejunje<\/p>\n<p>16:30hs: Demostraci\u00f3n de parkur (Naturalfit)<\/p>\n<p>17:00 hs. Presentaci\u00f3n de la banda \u201cLas Corbatas\u201d<\/p>\n<p>18 hs. Cierre de la fiesta.<\/p>\n<p>&nbsp;<\/p>\n<p><strong>Escenario 2 (predio)<\/strong><\/p>\n<p>14:15 hs. Ensamble de rock infantil Escuela Municipal de M\u00fasica \u201cHnos. Rossi\u201d.<\/p>\n<p>14:30 hs. Ensamble de rock juvenil Escuela Municipal de M\u00fasica \u201cHnos. Rossi\u201d.<\/p>\n<p>15:00 hs. Espect\u00e1culo a cargo de Caty Weslate.<\/p>\n<p>16:00 hs. Espect\u00e1culo de t\u00edteres a cargo de Compa\u00f1\u00eda \u201cLa Valija\u201d de Beto Melendi.<\/p>\n<p>&nbsp;<\/p>\n<p><strong>Escenario 3 (exterior Pabell\u00f3n Igui\u00f1iz)<\/strong><\/p>\n<p>14:30 hs. Presentaci\u00f3n Escuela Municipal de Danzas con las disciplinas de: tango, folklore ni\u00f1os, ritmos urbanos, alem\u00e1n y folklore (Extensi\u00f3n NIDO El progreso y Escuela N\u00ba 6).<\/p>\n<p>15:30 hs. Presentaci\u00f3n Escuela de Art\u00edstica Integrada, junto a la Escuela Municipal de Teatro.<\/p>\n<p>16:30 hs. Espect\u00e1culo a cargo de Mechongu\u00e9.<\/p>\n<p>&nbsp;<\/p>\n<p>Asimismo, dentro del pabell\u00f3n Igui\u00f1iz habr\u00e1<strong> talleres y actividades<\/strong> organizadas por: Escuela Municipal de Ajedrez (taller de ajedrez), Museo Municipal de Ciencias (juegos did\u00e1cticos), Atenci\u00f3n Primaria de la Salud (juegos de concientizaci\u00f3n) y Escuela Municipal de Artes Pl\u00e1sticas, Escuela Municipal de Orfebrer\u00eda, Escuela Municipal de Cer\u00e1mica, Escuela Literaria Municipal \u201cAlfonsina\u201d, Taller de arte a cargo de Mar\u00eda Elena Pintos (construcci\u00f3n de m\u00e1scaras de carnaval) y ajedrez y yenga gigante.<\/p>\n<p>&nbsp;<\/p>\n<p>Asimismo, se brindar\u00e1 el tradicional chocolate y las facturas elaboradas por el Servicio Penitenciario Provincial como todos los a\u00f1os. Adem\u00e1s de golosinas, pochoclos y copos de nieve.<\/p>\n<p>&nbsp;<\/p>\n<p><strong>Recorridos gratuitos de colectivos<\/strong><\/p>\n<p>13:20 horas:<\/p>\n<p>Del Valle y Pellegrini \/ Del Valle y Urquiza\/ B. Fonavi (Del Valle y Amparo Castro).<\/p>\n<p>Jard\u00edn (Trabajadores y Saavedra) \/ CECO II \/ Servicio Territorial Municipal N\u00ba4 (H. Irigoyen y Berutti) \/ Sociedad De Fomento Belgrano (Urquiza y Balcarce).<\/p>\n<p>Puente Emiliozzi\/ Jard\u00edn de Infantes Bel\u00e9n\/ Rotonda Matadero- Isaura.<\/p>\n<p>13:30 horas:<\/p>\n<p>Parque Helios Eseverri (Trabajadores y Lavalle) \/ Servicio Territorial Municipal N\u00ba1 (Esc.N\u00ba6) \/ Alberdi y Sarmiento\/ B. Lourdes\/ B. Trabajadores.<\/p>\n<p>Servicio Territorial Municipal N\u00ba2 (Alberdi y Hornos) \/ Barrio 104 (Pueyrred\u00f3n e Ituzaing\u00f3).<\/p>\n<p>Barrio CECO I (Escuela N\u00ba 80) \/ B. Bancario (Avellaneda y Urquiza) \/ Avellaneda y Aguilar.<\/p>\n<p>Villa Magdalena (Circunvalaci\u00f3n y San Mart\u00edn) \/ B. Acupo I (Iglesia Del Carmen) \/ Plaza Central (Rivadavia y San Mart\u00edn)<\/p>\n<p>&nbsp;<\/p>\n<p><strong>Localidades<\/strong><\/p>\n<p>13:00 horas:<\/p>\n<p>Colonia San Miguel: Plaza Colonia San Miguel (25 de Mayo y San Mart\u00edn) \u2013 Sierras Bayas: Terminal de \u00d3mnibus.<\/p>\n<p>Hinojo: Plaza Central (Bazterrica 1769)- Colonia Hinojo: Sal\u00f3n Parroquial (Av. Fundadores y Scharle) y Sierra Chica: Escuela Primaria N\u00ba 2 (Av. Pedro Iriart Legorburu s\/n).<\/p>\n<p>Loma Negra: Plaza Central (Av. 25 de Mayo y Av. Libertad) \u2013 Barrio AOMA (parada de \u00f3mnibus)\/ Escuela Agropecuaria (parada de \u00f3mnibus).<\/p>\n","protected":false},"excerpt":{"rendered":"<p>La actividad es organizada por MANO y la Municipalidad. Desde las 14:00 habr\u00e1 distintas actividades, juegos y espect\u00e1culos. Tambi\u00e9n se<\/p>\n","protected":false},"author":5,"featured_media":62843,"comment_status":"closed","ping_status":"closed","sticky":false,"template":"","format":"standard","meta":{"_jetpack_memberships_contains_paid_content":false,"footnotes":""},"categories":[5,1],"tags":[],"class_list":["post-62842","post","type-post","status-publish","format-standard","has-post-thumbnail","hentry","category-informacion-general","category-portada"],"jetpack_featured_media_url":"https:\/\/i0.wp.com\/cdnoticias.com\/wp-content\/uploads\/2022\/08\/Cultura-Fiesta-Dia-de-la-Ninez-1024x683-1.jpg?fit=1024%2C683&ssl=1","jetpack_sharing_enabled":true,"_links":{"self":[{"href":"https:\/\/cdnoticias.com\/index.php\/wp-json\/wp\/v2\/posts\/62842","targetHints":{"allow":["GET"]}}],"collection":[{"href":"https:\/\/cdnoticias.com\/index.php\/wp-json\/wp\/v2\/posts"}],"about":[{"href":"https:\/\/cdnoticias.com\/index.php\/wp-json\/wp\/v2\/types\/post"}],"author":[{"embeddable":true,"href":"https:\/\/cdnoticias.com\/index.php\/wp-json\/wp\/v2\/users\/5"}],"replies":[{"embeddable":true,"href":"https:\/\/cdnoticias.com\/index.php\/wp-json\/wp\/v2\/comments?post=62842"}],"version-history":[{"count":0,"href":"https:\/\/cdnoticias.com\/index.php\/wp-json\/wp\/v2\/posts\/62842\/revisions"}],"wp:featuredmedia":[{"embeddable":true,"href":"https:\/\/cdnoticias.com\/index.php\/wp-json\/wp\/v2\/media\/62843"}],"wp:attachment":[{"href":"https:\/\/cdnoticias.com\/index.php\/wp-json\/wp\/v2\/media?parent=62842"}],"wp:term":[{"taxonomy":"category","embeddable":true,"href":"https:\/\/cdnoticias.com\/index.php\/wp-json\/wp\/v2\/categories?post=62842"},{"taxonomy":"post_tag","embeddable":true,"href":"https:\/\/cdnoticias.com\/index.php\/wp-json\/wp\/v2\/tags?post=62842"}],"curies":[{"name":"wp","href":"https:\/\/api.w.org\/{rel}","templated":true}]}}