{"id":62826,"date":"2022-08-20T10:17:37","date_gmt":"2022-08-20T13:17:37","guid":{"rendered":"https:\/\/www.centraldenoticias.com.ar\/?p=62826"},"modified":"2022-08-20T12:26:04","modified_gmt":"2022-08-20T15:26:04","slug":"caso-abregu-aclararon-que-el-trabajo-de-peritos-no-finalizo-y-no-arribo-a-conclusiones-definitivas","status":"publish","type":"post","link":"https:\/\/cdnoticias.com\/index.php\/2022\/08\/20\/caso-abregu-aclararon-que-el-trabajo-de-peritos-no-finalizo-y-no-arribo-a-conclusiones-definitivas\/","title":{"rendered":"Caso Abreg\u00fa: aclararon que el trabajo de peritos no finaliz\u00f3 y \u201cno arrib\u00f3 a conclusiones definitivas\u201d"},"content":{"rendered":"<p>Ante las primeras versiones de los resultados de un informe m\u00e9dico legal integral, que une el proceso de las dos autopsias, la Comisi\u00f3n por la Memoria pidi\u00f3 prudencia ante lo que pudo haber sucedido con la joven fallecida en una comisar\u00eda en Laprida. <!--more--><\/p>\n<hr \/>\n<p>La <strong>Comisi\u00f3n por la Memoria<\/strong>, mediante un comunicado emitido el viernes,<strong> pidi\u00f3 \u201cprudencia\u201d ante varias versiones sobre los primeros resultados del Ateneo de peritos que busca determinar qu\u00e9 sucedi\u00f3 la joven Daiana Abreg\u00fa, quien muri\u00f3 el pasado 5 de junio en una Comisar\u00eda de Laprida<\/strong> en circunstancias que a\u00fan no quedaron claras.<\/p>\n<p>&nbsp;<\/p>\n<p>Se\u00f1alaron versiones period\u00edsticas que daban cuenta de<em> \u201cpresuntas conclusiones del Ateneo de Peritos convocados por el Fiscal Calonje\u201d<\/em> y en ese contexto la CPM aclar\u00f3 que<strong><em> \u201cel mismo a\u00fan no finaliz\u00f3 y por lo tanto no existen conclusiones sobre la evaluaci\u00f3n en tr\u00e1mite\u201d.<\/em><\/strong><\/p>\n<p>&nbsp;<\/p>\n<p>Cabe se\u00f1alar que <strong>el fiscal orden\u00f3 la realizaci\u00f3n de un an\u00e1lisis m\u00e9dico de las dos autopsias realizadas sobre el cuerpo de Daiana Abreg\u00fa y para el procedimiento Calonje nombr\u00f3 a peritos de la Polic\u00eda Federal<\/strong>,<em> \u201craz\u00f3n por la cual la CPM se opuso y pidi\u00f3 la nulidad de la medida que fue rechazada por la autoridad judicial. Finalmente el an\u00e1lisis se realiz\u00f3 mediante un ateneo en el que tambi\u00e9n participaron peritos de parte y que continuar\u00e1 la semana pr\u00f3xima\u201d.<\/em><\/p>\n<p>&nbsp;<\/p>\n<p>Con el objetivo de contar con<em> \u201cinforme m\u00e9dico legal integral\u201d<\/em> que permita<em> \u201cdeterminar etiolog\u00eda del deceso de quien en vida fuera Daiana Soledad Abregu\u201d<\/em>, el fiscal Juan Ignacio Calonje orden\u00f3 <em>\u201crealizar un an\u00e1lisis de las dos autopsias hechas hasta el momento. Para este procedimiento nombr\u00f3 a peritos de la Polic\u00eda Federal, pese a la oposici\u00f3n de la CPM quien hab\u00eda propuesto que el ateneo se realice en la Asesor\u00eda Pericial de la Justicia Nacional\u201d.<\/em><\/p>\n<p>&nbsp;<\/p>\n<blockquote><p>\u201cResulta preocupante que frente a las dos autopsias realizadas por peritos judiciales con conclusiones diferentes el Fiscal ponga en manos de agentes de la Polic\u00eda Federal la realizaci\u00f3n de un informe m\u00e9dico para dirimir la cuesti\u00f3n\u201d.<\/p><\/blockquote>\n<p>&nbsp;<\/p>\n<p>La Comisi\u00f3n por la Memoria, en su rol de particular damnificado, <strong>denunci\u00f3 que la primera autopsia se realiz\u00f3 sin el Protocolo de Minnesota<\/strong>, que establece una serie de procedimientos sobre c\u00f3mo deben realizarse las investigaciones por muertes producidas bajo custodia del Estado. En ese contexto, \u201c<strong><em>la CPM insisti\u00f3 en la realizaci\u00f3n de una segunda autopsia cuyo resultado contradijo la primera\u201d.<\/em><\/strong><\/p>\n<p>&nbsp;<\/p>\n<p>M\u00e1s all\u00e1 del rechazo de la fiscal\u00eda ante el planteo de la CPM, <strong><em>\u201cfinalmente se integraron tambi\u00e9n los peritos de parte en el procedimiento, tomando parte por la familia la Dra. Virginia Creimer y por la CPM el Dr. Ariel Rossi\u201d.<\/em><\/strong><\/p>\n<p>&nbsp;<\/p>\n<p>All\u00ed, dieron cuenta que<em> \u201ctras la observaci\u00f3n conjunta del material existente sobre las dos autopsias, todos los peritos acordaron sobre la causal de muerte que existi\u00f3 un s\u00edndrome asf\u00edctico secundario a una posible ahorcadura con compresi\u00f3n extr\u00ednseca, lo que no descartar\u00eda la participaci\u00f3n de terceras personas\u201d.<\/em><\/p>\n<p>&nbsp;<\/p>\n<p>Los peritos plantearon que <strong><em>\u201cresultar\u00eda de utilidad para mejor proceder con el objeto pericial encomendado que se solicite material testimonial y de otra \u00edndole que resulte id\u00f3neo a la hora de expedirse sobre la etiolog\u00eda m\u00e9dico legal del hecho que se investiga de manera indubitable\u201d.<\/em><\/strong><\/p>\n<p>&nbsp;<\/p>\n<p>Por esta raz\u00f3n desde la CPM <strong>se dirigieron a los medios que publicaron conclusiones \u201canticipadas\u201d y <em>\u201cse hace un llamado a quienes de mala fe circulan versiones interesadas y parciales para que dejen de hacerlo<\/em><\/strong><em>, y guarden el respeto elemental a la familia de Daiana, atravesada por el dolor y la angustia de haberla perdido estando detenida bajo cuidado del Estado\u201d.<\/em><\/p>\n","protected":false},"excerpt":{"rendered":"<p>Ante las primeras versiones de los resultados de un informe m\u00e9dico legal integral, que une el proceso de las dos<\/p>\n","protected":false},"author":2,"featured_media":60913,"comment_status":"closed","ping_status":"closed","sticky":false,"template":"","format":"standard","meta":{"_jetpack_memberships_contains_paid_content":false,"footnotes":""},"categories":[14,1],"tags":[],"class_list":["post-62826","post","type-post","status-publish","format-standard","has-post-thumbnail","hentry","category-policiales","category-portada"],"jetpack_featured_media_url":"https:\/\/i0.wp.com\/cdnoticias.com\/wp-content\/uploads\/2022\/07\/laprida-daiana-abregu-00.jpg?fit=800%2C445&ssl=1","jetpack_sharing_enabled":true,"_links":{"self":[{"href":"https:\/\/cdnoticias.com\/index.php\/wp-json\/wp\/v2\/posts\/62826","targetHints":{"allow":["GET"]}}],"collection":[{"href":"https:\/\/cdnoticias.com\/index.php\/wp-json\/wp\/v2\/posts"}],"about":[{"href":"https:\/\/cdnoticias.com\/index.php\/wp-json\/wp\/v2\/types\/post"}],"author":[{"embeddable":true,"href":"https:\/\/cdnoticias.com\/index.php\/wp-json\/wp\/v2\/users\/2"}],"replies":[{"embeddable":true,"href":"https:\/\/cdnoticias.com\/index.php\/wp-json\/wp\/v2\/comments?post=62826"}],"version-history":[{"count":0,"href":"https:\/\/cdnoticias.com\/index.php\/wp-json\/wp\/v2\/posts\/62826\/revisions"}],"wp:featuredmedia":[{"embeddable":true,"href":"https:\/\/cdnoticias.com\/index.php\/wp-json\/wp\/v2\/media\/60913"}],"wp:attachment":[{"href":"https:\/\/cdnoticias.com\/index.php\/wp-json\/wp\/v2\/media?parent=62826"}],"wp:term":[{"taxonomy":"category","embeddable":true,"href":"https:\/\/cdnoticias.com\/index.php\/wp-json\/wp\/v2\/categories?post=62826"},{"taxonomy":"post_tag","embeddable":true,"href":"https:\/\/cdnoticias.com\/index.php\/wp-json\/wp\/v2\/tags?post=62826"}],"curies":[{"name":"wp","href":"https:\/\/api.w.org\/{rel}","templated":true}]}}