{"id":62757,"date":"2022-08-19T17:03:22","date_gmt":"2022-08-19T20:03:22","guid":{"rendered":"https:\/\/www.centraldenoticias.com.ar\/?p=62757"},"modified":"2022-08-19T19:04:00","modified_gmt":"2022-08-19T22:04:00","slug":"trabajadores-llegaron-a-un-acuerdo-y-se-levanto-el-paro-en-las-sierras","status":"publish","type":"post","link":"https:\/\/cdnoticias.com\/index.php\/2022\/08\/19\/trabajadores-llegaron-a-un-acuerdo-y-se-levanto-el-paro-en-las-sierras\/","title":{"rendered":"Trabajadores llegaron a un acuerdo y se levant\u00f3 el paro en Las Sierras"},"content":{"rendered":"<p>Se inform\u00f3 que se lleg\u00f3 a un arreglo entre la empresa y el trabajador despedido, lo que gener\u00f3 que desde las 15:00 horas el servicio se \u201cnormalizara\u201d.<!--more--><\/p>\n<hr \/>\n<p>A primera hora de este viernes,<a href=\"https:\/\/cdnoticias.com\/index.php\/2022\/08\/19\/sin-transporte-interurbano-medida-de-fuerza-de-los-trabajadores\/\" target=\"_blank\" rel=\"noopener\"> un sorpresivo paro de Las Sierras gener\u00f3 varias complicaciones en el traslado de los vecinos de las localidades<\/a> en reclamo de los trabajadores por \u201cel despido de uno de nuestros compa\u00f1eros\u201d.<strong> Finalmente, las partes llegaron a un acuerdo y el paro ces\u00f3 pasadas las 15:00 horas.<\/strong><\/p>\n<p>&nbsp;<\/p>\n<p>As\u00ed fue confirmado a <strong>Central de Noticias<\/strong>, que destacaron que <strong>tanto la empresa como el empleado despedido lograron acordar mejoras en la indemnizaci\u00f3n y en la forma de pago, y de esta forma cerrar un acuerdo que permita volver al trabajo.<\/strong><\/p>\n<p>&nbsp;<\/p>\n<blockquote><p>El paro, dictaminado por el gremio UTA, sorprendi\u00f3 a los vecinos dado que fue acordado pasadas las 05:30 de la ma\u00f1ana, por los trabajadores que realizaron una asamblea ni bien ingresaron a sus puestos de trabajo al conocer la noticia.<\/p><\/blockquote>\n<p>&nbsp;<\/p>\n<p>Por unanimidad, decidieron llevar adelante un paro hasta tanto la empresa y el trabajador lleguen a un acuerdo, que se concret\u00f3 pasado el mediod\u00eda.<\/p>\n<p>&nbsp;<\/p>\n<p>De esta forma, <strong>desde las 15:00 horas los servicios funcionan con normalidad hacia todas las localidades, se inform\u00f3 a Central de Noticias.<\/strong><\/p>\n","protected":false},"excerpt":{"rendered":"<p>Se inform\u00f3 que se lleg\u00f3 a un arreglo entre la empresa y el trabajador despedido, lo que gener\u00f3 que desde<\/p>\n","protected":false},"author":2,"featured_media":57251,"comment_status":"closed","ping_status":"closed","sticky":false,"template":"","format":"standard","meta":{"_jetpack_memberships_contains_paid_content":false,"footnotes":""},"categories":[5,1],"tags":[],"class_list":["post-62757","post","type-post","status-publish","format-standard","has-post-thumbnail","hentry","category-informacion-general","category-portada"],"jetpack_featured_media_url":"https:\/\/i0.wp.com\/cdnoticias.com\/wp-content\/uploads\/2022\/06\/terminal-colectivos-las-sierras-02.jpg?fit=1440%2C802&ssl=1","jetpack_sharing_enabled":true,"_links":{"self":[{"href":"https:\/\/cdnoticias.com\/index.php\/wp-json\/wp\/v2\/posts\/62757","targetHints":{"allow":["GET"]}}],"collection":[{"href":"https:\/\/cdnoticias.com\/index.php\/wp-json\/wp\/v2\/posts"}],"about":[{"href":"https:\/\/cdnoticias.com\/index.php\/wp-json\/wp\/v2\/types\/post"}],"author":[{"embeddable":true,"href":"https:\/\/cdnoticias.com\/index.php\/wp-json\/wp\/v2\/users\/2"}],"replies":[{"embeddable":true,"href":"https:\/\/cdnoticias.com\/index.php\/wp-json\/wp\/v2\/comments?post=62757"}],"version-history":[{"count":0,"href":"https:\/\/cdnoticias.com\/index.php\/wp-json\/wp\/v2\/posts\/62757\/revisions"}],"wp:featuredmedia":[{"embeddable":true,"href":"https:\/\/cdnoticias.com\/index.php\/wp-json\/wp\/v2\/media\/57251"}],"wp:attachment":[{"href":"https:\/\/cdnoticias.com\/index.php\/wp-json\/wp\/v2\/media?parent=62757"}],"wp:term":[{"taxonomy":"category","embeddable":true,"href":"https:\/\/cdnoticias.com\/index.php\/wp-json\/wp\/v2\/categories?post=62757"},{"taxonomy":"post_tag","embeddable":true,"href":"https:\/\/cdnoticias.com\/index.php\/wp-json\/wp\/v2\/tags?post=62757"}],"curies":[{"name":"wp","href":"https:\/\/api.w.org\/{rel}","templated":true}]}}