{"id":62739,"date":"2022-08-19T11:57:18","date_gmt":"2022-08-19T14:57:18","guid":{"rendered":"https:\/\/www.centraldenoticias.com.ar\/?p=62739"},"modified":"2022-08-19T11:57:18","modified_gmt":"2022-08-19T14:57:18","slug":"tenemos-una-ganaderia-muy-competitiva-que-podria-estar-produciendo-mucho-mas","status":"publish","type":"post","link":"https:\/\/cdnoticias.com\/index.php\/2022\/08\/19\/tenemos-una-ganaderia-muy-competitiva-que-podria-estar-produciendo-mucho-mas\/","title":{"rendered":"\u201cTenemos una ganader\u00eda muy competitiva que podr\u00eda estar produciendo mucho m\u00e1s&#8221;"},"content":{"rendered":"<p>As\u00ed lo expreso Horacio Rodr\u00edguez Larreta en el Consejo de las Am\u00e9ricas.<!--more--><\/p>\n<hr \/>\n<p>El jefe de Gobierno de la Ciudad de Buenos Aires, Horacio Rodr\u00edguez Larreta, particip\u00f3 de la 19na edici\u00f3n del Latin America Cities Conferences, donde sostuvo: <strong>\u201cla inserci\u00f3n de Argentina en el mundo tiene que tener una visi\u00f3n federal que busque c\u00f3mo beneficiar a cada regi\u00f3n; hay que reconstruir el federalismo en la Argentina\u201d.<\/strong><\/p>\n<p>&nbsp;<\/p>\n<p>En esa l\u00ednea, el mandatario de Juntos por el Cambio agreg\u00f3: \u201cTenemos que tener la visi\u00f3n de c\u00f3mo impacta y c\u00f3mo beneficia la pol\u00edtica exterior a cada regi\u00f3n del pa\u00eds, que son muy diferentes entre s\u00ed. Tenemos la ventaja de la diversidad pero requiere al mismo tiempo una pol\u00edtica diversa\u201d. Y se refiri\u00f3 espec\u00edficamente al campo: \u201cEl mundo podr\u00eda estar compr\u00e1ndonos m\u00e1s carne; tenemos una ganader\u00eda muy competitiva que podr\u00eda estar produciendo mucho m\u00e1s\u201d.<\/p>\n<p>&nbsp;<\/p>\n<p>Frente a destacados pol\u00edticos, funcionarios, legisladores y l\u00edderes tanto de la \u00f3rbita nacional como internacional, Rodr\u00edguez Larreta reforz\u00f3 la necesidad de \u201cdarle valor al empuje que hay en cada regi\u00f3n de la Argentina. Eso tiene que ser parte de nuestra pol\u00edtica exterior\u201d.<\/p>\n<p>&nbsp;<\/p>\n<p>Tambi\u00e9n se refiri\u00f3 a la oportunidad que tiene Argentina en t\u00e9rminos energ\u00e9ticos: \u201cEl mundo necesita energ\u00eda. Se acaba de adjudicar el gasoducto, tendr\u00eda que haber sido antes pero no importa, ahora lo tenemos. Hay que transformar Vaca Muerta en una pol\u00edtica de Estado\u201d.<\/p>\n<p>&nbsp;<\/p>\n<p>Rodr\u00edguez Larreta habl\u00f3 adem\u00e1s del potencial de la industria del litio: \u201cS\u00f3lo con ver el valor del litio de los \u00faltimos dos a\u00f1os nos muestra la necesidad que hay en el mundo. La comunidad econ\u00f3mica europea dijo que a partir de 2035 s\u00f3lo van a haber autos a bater\u00eda que se producen con litio\u201d.<\/p>\n<p>&nbsp;<\/p>\n<p><img data-recalc-dims=\"1\" loading=\"lazy\" decoding=\"async\" class=\"aligncenter size-full wp-image-62741\" src=\"https:\/\/i0.wp.com\/cdnoticias.com\/wp-content\/uploads\/2022\/08\/rodriguez-larreta01.jpg?resize=800%2C480&#038;ssl=1\" alt=\"\" width=\"800\" height=\"480\" srcset=\"https:\/\/i0.wp.com\/cdnoticias.com\/wp-content\/uploads\/2022\/08\/rodriguez-larreta01.jpg?w=1280&amp;ssl=1 1280w, https:\/\/i0.wp.com\/cdnoticias.com\/wp-content\/uploads\/2022\/08\/rodriguez-larreta01.jpg?resize=300%2C180&amp;ssl=1 300w, https:\/\/i0.wp.com\/cdnoticias.com\/wp-content\/uploads\/2022\/08\/rodriguez-larreta01.jpg?resize=1024%2C614&amp;ssl=1 1024w, https:\/\/i0.wp.com\/cdnoticias.com\/wp-content\/uploads\/2022\/08\/rodriguez-larreta01.jpg?resize=768%2C461&amp;ssl=1 768w\" sizes=\"auto, (max-width: 800px) 100vw, 800px\" \/><\/p>\n<p>&nbsp;<\/p>\n<p>Sobre el agro y la industria vitivin\u00edcola: \u201cEl mundo necesita nuestros productos alimenticios: el vino mendocino, y el sanjuanino; los limones y ar\u00e1ndanos tucumanos\u201d. Tambi\u00e9n dijo que el mundo necesita nuestros minerales, donde Argentina muestra un retraso frente a pa\u00edses vecinos: \u201cLa miner\u00eda en Chile representa 12,5 del PBI en argentina menos del 1 con la misma cordillera\u201d.<\/p>\n<p>&nbsp;<\/p>\n<p>A modo de conclusi\u00f3n, Larreta sostuvo que siente \u201cuna enorme contradicci\u00f3n: por un lado, la esperanza que nos da el potencial argentino y por otro, la frustraci\u00f3n que da el no estar explot\u00e1ndolo al m\u00e1ximo\u201d.<\/p>\n<p>&nbsp;<\/p>\n<p>\u201cLa \u00fanica manera de avanzar en serio con la inserci\u00f3n internacional es construyendo un consenso m\u00e1s amplio que nos apoye para avanzar en la transformaci\u00f3n profunda que la argentina necesita y que las apoye de manera sostenida en el tiempo\u201d afirm\u00f3 el mandatario.<\/p>\n<p>&nbsp;<\/p>\n<p>Al cierre de su exposici\u00f3n, Larreta hizo referencia al 2023: \u201cEl pr\u00f3ximo gobierno de Argentina tiene que ser un verdadero gobierno de coalici\u00f3n que marque el punto de inflexi\u00f3n hacia un crecimiento que se sostenga 30 a\u00f1os seguidos. Yo sue\u00f1o con ser parte del equipo que lo logre\u201d. Y agreg\u00f3: \u201cEl mundo quiere invertir en la Argentina porque el potencial est\u00e1\u201d.<\/p>\n<p>&nbsp;<\/p>\n<p>El encuentro anual, que tuvo lugar en el Hotel Alvear de Buenos Aires, fue organizado por Americas Society\/Council of the Americas (AS\/COA), en asociaci\u00f3n con la C\u00e1mara Argentina de Comercio y Servicios (CAC), fue liderado por sus presidentes, Susan Segal y Natalio Grinman, respectivamente.<\/p>\n","protected":false},"excerpt":{"rendered":"<p>As\u00ed lo expreso Horacio Rodr\u00edguez Larreta en el Consejo de las Am\u00e9ricas.<\/p>\n","protected":false},"author":5,"featured_media":62740,"comment_status":"closed","ping_status":"closed","sticky":false,"template":"","format":"standard","meta":{"_jetpack_memberships_contains_paid_content":false,"footnotes":""},"categories":[6],"tags":[],"class_list":["post-62739","post","type-post","status-publish","format-standard","has-post-thumbnail","hentry","category-nacionales"],"jetpack_featured_media_url":"https:\/\/i0.wp.com\/cdnoticias.com\/wp-content\/uploads\/2022\/08\/rodriguez-larreta02.jpg?fit=1280%2C768&ssl=1","jetpack_sharing_enabled":true,"_links":{"self":[{"href":"https:\/\/cdnoticias.com\/index.php\/wp-json\/wp\/v2\/posts\/62739","targetHints":{"allow":["GET"]}}],"collection":[{"href":"https:\/\/cdnoticias.com\/index.php\/wp-json\/wp\/v2\/posts"}],"about":[{"href":"https:\/\/cdnoticias.com\/index.php\/wp-json\/wp\/v2\/types\/post"}],"author":[{"embeddable":true,"href":"https:\/\/cdnoticias.com\/index.php\/wp-json\/wp\/v2\/users\/5"}],"replies":[{"embeddable":true,"href":"https:\/\/cdnoticias.com\/index.php\/wp-json\/wp\/v2\/comments?post=62739"}],"version-history":[{"count":0,"href":"https:\/\/cdnoticias.com\/index.php\/wp-json\/wp\/v2\/posts\/62739\/revisions"}],"wp:featuredmedia":[{"embeddable":true,"href":"https:\/\/cdnoticias.com\/index.php\/wp-json\/wp\/v2\/media\/62740"}],"wp:attachment":[{"href":"https:\/\/cdnoticias.com\/index.php\/wp-json\/wp\/v2\/media?parent=62739"}],"wp:term":[{"taxonomy":"category","embeddable":true,"href":"https:\/\/cdnoticias.com\/index.php\/wp-json\/wp\/v2\/categories?post=62739"},{"taxonomy":"post_tag","embeddable":true,"href":"https:\/\/cdnoticias.com\/index.php\/wp-json\/wp\/v2\/tags?post=62739"}],"curies":[{"name":"wp","href":"https:\/\/api.w.org\/{rel}","templated":true}]}}