{"id":6273,"date":"2020-11-12T12:00:37","date_gmt":"2020-11-12T15:00:37","guid":{"rendered":"http:\/\/www.centraldenoticias.com.ar\/?p=6273"},"modified":"2020-11-12T15:57:28","modified_gmt":"2020-11-12T18:57:28","slug":"ya-hay-una-calle-diego-wagner-clar-en-olavarria","status":"publish","type":"post","link":"https:\/\/cdnoticias.com\/index.php\/2020\/11\/12\/ya-hay-una-calle-diego-wagner-clar-en-olavarria\/","title":{"rendered":"Ya hay una calle \u201cDiego Wagner Clar\u201d en Olavarr\u00eda"},"content":{"rendered":"<p class=\"western\" lang=\"es-ES\"><span style=\"font-size: medium;\">Lo aprob\u00f3 el Concejo Deliberante. La calle Vergara pasar\u00e1 a llamarse \u201cCapit\u00e1n de Coberta Diego Wagner Clar\u201d en su tramo de San Mart\u00edn a Hornos. Se anunciaron facilidades para los frentistas que deben hacer cambios en documentaci\u00f3n.<\/span><\/p>\n<hr \/>\n<p class=\"western\" lang=\"es-ES\"><!--more--><\/p>\n<p class=\"western\" lang=\"es-ES\"><span style=\"font-size: medium;\">El Concejo Deliberante aprob\u00f3 en su sesi\u00f3n de este jueves el cambio de denominaci\u00f3n para <strong>la calle Vergara: en el tramo de Hornos a San Mart\u00edn pasar\u00e1 a llamarse \u201cCapit\u00e1n de Corbeta Diego Manuel Wagner\u201d<\/strong>. La votaci\u00f3n, que fue un\u00e1nime, se dio a pocos d\u00edas de que se cumpla el tercer aniversario de la desaparici\u00f3n del submarino ARA San Juan con sus 44 tripulantes.<\/span><\/p>\n<blockquote>\n<p class=\"western\" lang=\"es-ES\"><span style=\"font-size: medium;\">La apertura del debate estuvo a cargo del presidente del Concejo, Bruno Cenizo (Juntos por el Cambio), quien defini\u00f3 el prop\u00f3sito de la iniciativa: \u201cdebemos visibilizar el nombre de Diego en lo m\u00e1s alto y recordarlo como lo que fue, un h\u00e9roe\u201d.<\/span><\/p>\n<\/blockquote>\n<p class=\"western\" lang=\"es-ES\"><span style=\"font-size: medium;\"><strong>Los padres de Diego, Catalina Clar y Emilio Wagner, estuvieron el recinto<\/strong>, -a quienes Cenizo agradeci\u00f3 la predisposici\u00f3n para <a href=\"https:\/\/cdnoticias.com\/index.php\/2020\/10\/29\/buscan-que-una-calle-de-olavarria-lleve-el-nombre-de-diego-manuel-wagner\/\" target=\"_blank\" rel=\"noopener\">concurrir al Concejo<\/a> en cada llamado- as\u00ed como tambi\u00e9n vecinos del sector que cambiar\u00e1 de denominaci\u00f3n. <strong>\u201cEsta iniciativa surge por la necesidad de la familia de Diego Wagner de visibilizar aun m\u00e1s el nombre de su hijo y de quien consideramos que es un h\u00e9roe local\u201d<\/strong> destac\u00f3.<\/span><\/p>\n<p class=\"western\" lang=\"es-ES\"><span style=\"font-size: medium;\">El proyecto se plante\u00f3 hace unos tres meses en el deliberativo y los concejales consultaron al historiador Marcos Rodr\u00edguez, de la Unicen, \u201cel mayor conocedor de la historia de los nombres de las calles\u201d dijo Cenizo. As\u00ed surgi\u00f3 la posibilidad de cambiar el nombre de un tramo de la calle Vergara, quien fue un gobernador radical entre 1926 y 1930, debido a que <strong>los padres del submarinista \u201cno quer\u00edan el nombre de una calle muy alejada\u201d<\/strong>.<\/span><\/p>\n<p lang=\"es-ES\"><img data-recalc-dims=\"1\" loading=\"lazy\" decoding=\"async\" class=\"aligncenter wp-image-6279 size-large\" src=\"https:\/\/i0.wp.com\/cdnoticias.com\/wp-content\/uploads\/2020\/11\/HCD1-bruno.jpg?resize=800%2C449&#038;ssl=1\" alt=\"\" width=\"800\" height=\"449\" srcset=\"https:\/\/i0.wp.com\/cdnoticias.com\/wp-content\/uploads\/2020\/11\/HCD1-bruno.jpg?resize=1024%2C575&amp;ssl=1 1024w, https:\/\/i0.wp.com\/cdnoticias.com\/wp-content\/uploads\/2020\/11\/HCD1-bruno.jpg?resize=300%2C169&amp;ssl=1 300w, https:\/\/i0.wp.com\/cdnoticias.com\/wp-content\/uploads\/2020\/11\/HCD1-bruno.jpg?resize=768%2C431&amp;ssl=1 768w, https:\/\/i0.wp.com\/cdnoticias.com\/wp-content\/uploads\/2020\/11\/HCD1-bruno.jpg?w=1200&amp;ssl=1 1200w\" sizes=\"auto, (max-width: 800px) 100vw, 800px\" \/><\/p>\n<p class=\"western\" lang=\"es-ES\"><span style=\"font-size: medium;\">En ese sentido, <strong>Cenizo se refiri\u00f3 a las implicancias administrativas de un cambio de nombre para una calle<\/strong>. \u201cAcot\u00e1bamos los trastornos y molestias que implica el cambio de una calle\u201d indic\u00f3 para recordar que tambi\u00e9n los concejales de la comisi\u00f3n de Infraestructura recorrieron el sector y <a href=\"https:\/\/cdnoticias.com\/index.php\/2020\/11\/05\/proyecto-de-calle-diego-wagner-juntos-por-el-cambio-hablo-con-vecinos\/\" target=\"_blank\" rel=\"noopener\">dialogaron con los vecinos<\/a> que se ver\u00e1n afectados, quienes a su vez fueron invitados al Concejo para dialogar con los padres. \u201cLa causa que se sigue es mucho mayor que el trastorno que podr\u00edamos ocasionar\u201d consider\u00f3 el presidente.<\/span><\/p>\n<blockquote>\n<p class=\"western\" lang=\"es-ES\">\u201c<span style=\"font-size: medium;\">Cuando uno escucha la historia de Diego, la hace carne, la hace propia. Y entiende mirando al futuro que eso va m\u00e1s all\u00e1 de cualquier molestia que se pudiera ocasionar\u201d reafirm\u00f3.<\/span><\/p>\n<\/blockquote>\n<p class=\"western\" lang=\"es-ES\"><span style=\"font-size: medium;\">Tras indicar que \u201cel intendente nos dio el visto bueno para el cambio\u201d, Cenizo inform\u00f3 que se pondr\u00e1 a disposici\u00f3n de la veintena de frentistas que viven en ese tramo de tres cuadras a la Subsecretar\u00eda de Legal y T\u00e9cnica municipal \u201cpara <strong>la gratuidad de los tr\u00e1mites en los cambios con la licencia de conducir<\/strong>\u201d as\u00ed como en toda documentaci\u00f3n municipal, y la coordinaci\u00f3n con otros organismos ante los cuales deban hacer tr\u00e1mites.<\/span><\/p>\n<p lang=\"es-ES\"><img data-recalc-dims=\"1\" loading=\"lazy\" decoding=\"async\" class=\"aligncenter wp-image-6280 size-large\" src=\"https:\/\/i0.wp.com\/cdnoticias.com\/wp-content\/uploads\/2020\/11\/HCD-sesion.jpg?resize=800%2C456&#038;ssl=1\" alt=\"\" width=\"800\" height=\"456\" srcset=\"https:\/\/i0.wp.com\/cdnoticias.com\/wp-content\/uploads\/2020\/11\/HCD-sesion.jpg?resize=1024%2C584&amp;ssl=1 1024w, https:\/\/i0.wp.com\/cdnoticias.com\/wp-content\/uploads\/2020\/11\/HCD-sesion.jpg?resize=300%2C171&amp;ssl=1 300w, https:\/\/i0.wp.com\/cdnoticias.com\/wp-content\/uploads\/2020\/11\/HCD-sesion.jpg?resize=768%2C438&amp;ssl=1 768w, https:\/\/i0.wp.com\/cdnoticias.com\/wp-content\/uploads\/2020\/11\/HCD-sesion.jpg?w=1200&amp;ssl=1 1200w\" sizes=\"auto, (max-width: 800px) 100vw, 800px\" \/><\/p>\n<p class=\"western\" lang=\"es-ES\">\u201c<span style=\"font-size: medium;\">Diego conoc\u00eda los riesgos, sab\u00eda lo peligroso que era estar dentro de un submarino\u201d defini\u00f3 Cenizo en el tramo final de su exposici\u00f3n para reiterar el objetivo de la propuesta y sostuvo <strong>\u201cconociendo los riesgos y peligros que implicaban, dej\u00f3 su vida defendiendo la nuestra, dej\u00f3 su vida defendiendo la patria\u201d<\/strong>.<\/span><\/p>\n<p class=\"western\" lang=\"es-ES\"><span style=\"font-size: medium;\">La votaci\u00f3n se dio por unanimidad con lo que se transform\u00f3 en la ordenanza 4.578\/20.<\/span><\/p>\n<p class=\"western\" lang=\"es-ES\"><strong>\u201c<span style=\"font-size: medium;\">Verdad y justicia\u201d<\/span><\/strong><\/p>\n<p class=\"western\" lang=\"es-ES\"><span style=\"font-size: medium;\">Desde el interbloque del Frente de Todos intervinieron los concejales Germ\u00e1n Aramburu, Mercedes Land\u00edvar y Juan S\u00e1nchez quienes tras confirmar el acompa\u00f1amiento aludieron a distintos aspectos del debate interno en el deliberativo de la propuesta y tambi\u00e9n a las novedades judiciales surgidas d\u00edas pasados sobre la imputaci\u00f3n al ex presidente Mauricio Macri y al ex ministro Oscar Aguad.<\/span><\/p>\n<p class=\"western\" lang=\"es-ES\">\u201c<span style=\"font-size: medium;\"><strong>Como mam\u00e1 y funcionaria, y en nombre del interbloque pedir verdad y justicia por cada uno de los 44 tripulantes, para sus familia<\/strong>. Y tambi\u00e9n asumir la responsabilidad como funcionarios de acompa\u00f1ar a las familias hasta que se arribe al pleno conocimiento de lo que sucedi\u00f3\u201d dijo Land\u00edvar.<\/span><\/p>\n<p lang=\"es-ES\"><img data-recalc-dims=\"1\" loading=\"lazy\" decoding=\"async\" class=\"aligncenter wp-image-6288 size-large\" src=\"https:\/\/i0.wp.com\/cdnoticias.com\/wp-content\/uploads\/2020\/11\/HCD-sesion-wagner-clar01.jpg?resize=800%2C444&#038;ssl=1\" alt=\"\" width=\"800\" height=\"444\" srcset=\"https:\/\/i0.wp.com\/cdnoticias.com\/wp-content\/uploads\/2020\/11\/HCD-sesion-wagner-clar01.jpg?resize=1024%2C568&amp;ssl=1 1024w, https:\/\/i0.wp.com\/cdnoticias.com\/wp-content\/uploads\/2020\/11\/HCD-sesion-wagner-clar01.jpg?resize=300%2C166&amp;ssl=1 300w, https:\/\/i0.wp.com\/cdnoticias.com\/wp-content\/uploads\/2020\/11\/HCD-sesion-wagner-clar01.jpg?resize=768%2C426&amp;ssl=1 768w, https:\/\/i0.wp.com\/cdnoticias.com\/wp-content\/uploads\/2020\/11\/HCD-sesion-wagner-clar01.jpg?resize=800%2C445&amp;ssl=1 800w, https:\/\/i0.wp.com\/cdnoticias.com\/wp-content\/uploads\/2020\/11\/HCD-sesion-wagner-clar01.jpg?w=1157&amp;ssl=1 1157w\" sizes=\"auto, (max-width: 800px) 100vw, 800px\" \/><\/p>\n<p lang=\"es-ES\"><strong>Escuela<\/strong><\/p>\n<p class=\"western\" lang=\"es-ES\"><span style=\"font-size: medium;\">Luego, la concejal Celeste Arouxet (Radicales en Juntos por el Cambio) present\u00f3 un proyecto de resoluci\u00f3n elaborado por el partido GEN, que tiene como referente a la ex concejal Gabriela Del\u00eda quien estuvo tambi\u00e9n en la sesi\u00f3n.<\/span><\/p>\n<p class=\"western\" lang=\"es-ES\"><span style=\"font-size: medium;\"><strong>Se declar\u00f3 el benepl\u00e1cito del Concejo con la denominaci\u00f3n \u201cTeniente de Nav\u00edo Diego Manuel Wagner Clar\u201d a la Escuela Secundaria 16<\/strong>. Tambi\u00e9n result\u00f3 aprobada por unanimidad.<\/span><\/p>\n<p class=\"western\" lang=\"es-ES\">\n","protected":false},"excerpt":{"rendered":"<p>Lo aprob\u00f3 el Concejo Deliberante. La calle Vergara pasar\u00e1 a llamarse \u201cCapit\u00e1n de Coberta Diego Wagner Clar\u201d en su tramo<\/p>\n","protected":false},"author":4,"featured_media":6286,"comment_status":"closed","ping_status":"closed","sticky":false,"template":"","format":"standard","meta":{"_jetpack_memberships_contains_paid_content":false,"footnotes":""},"categories":[4,1],"tags":[],"class_list":["post-6273","post","type-post","status-publish","format-standard","has-post-thumbnail","hentry","category-politica","category-portada"],"jetpack_featured_media_url":"https:\/\/i0.wp.com\/cdnoticias.com\/wp-content\/uploads\/2020\/11\/HCD-sesion-wagner-clar.jpg?fit=1007%2C559&ssl=1","jetpack_sharing_enabled":true,"_links":{"self":[{"href":"https:\/\/cdnoticias.com\/index.php\/wp-json\/wp\/v2\/posts\/6273","targetHints":{"allow":["GET"]}}],"collection":[{"href":"https:\/\/cdnoticias.com\/index.php\/wp-json\/wp\/v2\/posts"}],"about":[{"href":"https:\/\/cdnoticias.com\/index.php\/wp-json\/wp\/v2\/types\/post"}],"author":[{"embeddable":true,"href":"https:\/\/cdnoticias.com\/index.php\/wp-json\/wp\/v2\/users\/4"}],"replies":[{"embeddable":true,"href":"https:\/\/cdnoticias.com\/index.php\/wp-json\/wp\/v2\/comments?post=6273"}],"version-history":[{"count":0,"href":"https:\/\/cdnoticias.com\/index.php\/wp-json\/wp\/v2\/posts\/6273\/revisions"}],"wp:featuredmedia":[{"embeddable":true,"href":"https:\/\/cdnoticias.com\/index.php\/wp-json\/wp\/v2\/media\/6286"}],"wp:attachment":[{"href":"https:\/\/cdnoticias.com\/index.php\/wp-json\/wp\/v2\/media?parent=6273"}],"wp:term":[{"taxonomy":"category","embeddable":true,"href":"https:\/\/cdnoticias.com\/index.php\/wp-json\/wp\/v2\/categories?post=6273"},{"taxonomy":"post_tag","embeddable":true,"href":"https:\/\/cdnoticias.com\/index.php\/wp-json\/wp\/v2\/tags?post=6273"}],"curies":[{"name":"wp","href":"https:\/\/api.w.org\/{rel}","templated":true}]}}