{"id":62718,"date":"2022-08-19T08:39:22","date_gmt":"2022-08-19T11:39:22","guid":{"rendered":"https:\/\/www.centraldenoticias.com.ar\/?p=62718"},"modified":"2022-08-19T08:39:22","modified_gmt":"2022-08-19T11:39:22","slug":"la-senadora-claudia-rucci-participara-del-encuentro-de-mujeres-en-olavarria","status":"publish","type":"post","link":"https:\/\/cdnoticias.com\/index.php\/2022\/08\/19\/la-senadora-claudia-rucci-participara-del-encuentro-de-mujeres-en-olavarria\/","title":{"rendered":"La senadora Claudia Rucci participar\u00e1 del Encuentro de Mujeres en Olavarr\u00eda"},"content":{"rendered":"<p>La actividad es impulsada por el espacio Encuentro Republicano Federal. A nivel local estar\u00e1n presentes Mario Cura y los concejales Miriam Mosescu y Nicol\u00e1s Marinangeli.<!--more--><\/p>\n<hr \/>\n<p>El s\u00e1bado <strong>20 de agosto desde las 16:00<\/strong> se llevar\u00e1 a cabo la actividad denominada <strong>Encuentro de Mujeres.<\/strong> Ser\u00e1 en el Club Pueblo Nuevo ubicado en Necochea y Chacabuco.<\/p>\n<p>&nbsp;<\/p>\n<p>Contar\u00e1 con la presencia de la<strong> senadora provincial Claudia Rucci<\/strong> perteneciente al partido Encuentro Republicano Federal, liderado por Miguel \u00c1ngel Pichetto. Adem\u00e1s estar\u00e1n presentes el referente local Mario Cura y los concejales Miriam Mosescu y Nicol\u00e1s Marinangeli.<\/p>\n<p>&nbsp;<\/p>\n<p><img data-recalc-dims=\"1\" loading=\"lazy\" decoding=\"async\" class=\"aligncenter wp-image-62719 size-medium\" src=\"https:\/\/i0.wp.com\/cdnoticias.com\/wp-content\/uploads\/2022\/08\/WhatsApp-Image-2022-08-13-at-11.02.26.jpeg?resize=203%2C300&#038;ssl=1\" alt=\"\" width=\"203\" height=\"300\" srcset=\"https:\/\/i0.wp.com\/cdnoticias.com\/wp-content\/uploads\/2022\/08\/WhatsApp-Image-2022-08-13-at-11.02.26.jpeg?resize=203%2C300&amp;ssl=1 203w, https:\/\/i0.wp.com\/cdnoticias.com\/wp-content\/uploads\/2022\/08\/WhatsApp-Image-2022-08-13-at-11.02.26.jpeg?resize=694%2C1024&amp;ssl=1 694w, https:\/\/i0.wp.com\/cdnoticias.com\/wp-content\/uploads\/2022\/08\/WhatsApp-Image-2022-08-13-at-11.02.26.jpeg?resize=768%2C1133&amp;ssl=1 768w, https:\/\/i0.wp.com\/cdnoticias.com\/wp-content\/uploads\/2022\/08\/WhatsApp-Image-2022-08-13-at-11.02.26.jpeg?w=830&amp;ssl=1 830w\" sizes=\"auto, (max-width: 203px) 100vw, 203px\" \/><\/p>\n<p>&nbsp;<\/p>\n<p>Durante el evento se agasajar\u00e1 a los presentes con una chocolatada.<\/p>\n","protected":false},"excerpt":{"rendered":"<p>La actividad es impulsada por el espacio Encuentro Republicano Federal. A nivel local estar\u00e1n presentes Mario Cura y los concejales<\/p>\n","protected":false},"author":5,"featured_media":62720,"comment_status":"closed","ping_status":"closed","sticky":false,"template":"","format":"standard","meta":{"_jetpack_memberships_contains_paid_content":false,"footnotes":""},"categories":[4,1],"tags":[],"class_list":["post-62718","post","type-post","status-publish","format-standard","has-post-thumbnail","hentry","category-politica","category-portada"],"jetpack_featured_media_url":"https:\/\/i0.wp.com\/cdnoticias.com\/wp-content\/uploads\/2022\/08\/claudia-rucci.jpg?fit=800%2C560&ssl=1","jetpack_sharing_enabled":true,"_links":{"self":[{"href":"https:\/\/cdnoticias.com\/index.php\/wp-json\/wp\/v2\/posts\/62718","targetHints":{"allow":["GET"]}}],"collection":[{"href":"https:\/\/cdnoticias.com\/index.php\/wp-json\/wp\/v2\/posts"}],"about":[{"href":"https:\/\/cdnoticias.com\/index.php\/wp-json\/wp\/v2\/types\/post"}],"author":[{"embeddable":true,"href":"https:\/\/cdnoticias.com\/index.php\/wp-json\/wp\/v2\/users\/5"}],"replies":[{"embeddable":true,"href":"https:\/\/cdnoticias.com\/index.php\/wp-json\/wp\/v2\/comments?post=62718"}],"version-history":[{"count":0,"href":"https:\/\/cdnoticias.com\/index.php\/wp-json\/wp\/v2\/posts\/62718\/revisions"}],"wp:featuredmedia":[{"embeddable":true,"href":"https:\/\/cdnoticias.com\/index.php\/wp-json\/wp\/v2\/media\/62720"}],"wp:attachment":[{"href":"https:\/\/cdnoticias.com\/index.php\/wp-json\/wp\/v2\/media?parent=62718"}],"wp:term":[{"taxonomy":"category","embeddable":true,"href":"https:\/\/cdnoticias.com\/index.php\/wp-json\/wp\/v2\/categories?post=62718"},{"taxonomy":"post_tag","embeddable":true,"href":"https:\/\/cdnoticias.com\/index.php\/wp-json\/wp\/v2\/tags?post=62718"}],"curies":[{"name":"wp","href":"https:\/\/api.w.org\/{rel}","templated":true}]}}