{"id":62688,"date":"2022-08-18T18:44:28","date_gmt":"2022-08-18T21:44:28","guid":{"rendered":"https:\/\/www.centraldenoticias.com.ar\/?p=62688"},"modified":"2022-08-18T18:44:28","modified_gmt":"2022-08-18T21:44:28","slug":"nueva-e-importante-movilizacion-de-trabajadores-de-el-popular","status":"publish","type":"post","link":"https:\/\/cdnoticias.com\/index.php\/2022\/08\/18\/nueva-e-importante-movilizacion-de-trabajadores-de-el-popular\/","title":{"rendered":"Nueva e importante movilizaci\u00f3n de trabajadores de El Popular"},"content":{"rendered":"<p>Le pagaron, hasta ahora, solo el 50% del salario de julio. Hubo un fuerte acompa\u00f1amiento de sindicatos de la ciudad. \u201cEl \u00e1nimo es de hartazgo, pero pensando en la lucha\u201d indicaron.<!--more--><\/p>\n<hr \/>\n<p>En el mediod\u00eda de este jueves, <strong>una importante cantidad de manifestantes gener\u00f3 una nueva protesta en las puertas de diario El Popular en reclamo del pago de salario en tiempo y forma.<\/strong> En medio de rumores de la venta del multimedio, los trabajadores insisten con varios pedidos y <strong>la total indiferencia de los titulares del medio que no asiste, siquiera, a las audiencias llevadas adelante por la delegaci\u00f3n del Ministerio de Trabajo.<\/strong><\/p>\n<p>&nbsp;<\/p>\n<p>Adem\u00e1s de los trabajadores de El Popular, participaron una decena de gremios locales entre los que se destacaron Aoma, Soeco, Sanidad, Municipales, Camioneros, Sindicato del Vidrio, Seguridad, Peaje, Utedic, Uatre, Qu\u00edmicos, Stigas, Udocba, Satsaid y Gr\u00e1ficos, entre los m\u00e1s destacados.<\/p>\n<p>&nbsp;<\/p>\n<p><img data-recalc-dims=\"1\" loading=\"lazy\" decoding=\"async\" class=\"alignnone size-large wp-image-62691\" src=\"https:\/\/i0.wp.com\/cdnoticias.com\/wp-content\/uploads\/2022\/08\/WhatsApp-Image-2022-08-18-at-2.02.48-PM.jpeg?resize=800%2C600&#038;ssl=1\" alt=\"\" width=\"800\" height=\"600\" srcset=\"https:\/\/i0.wp.com\/cdnoticias.com\/wp-content\/uploads\/2022\/08\/WhatsApp-Image-2022-08-18-at-2.02.48-PM.jpeg?resize=1024%2C768&amp;ssl=1 1024w, https:\/\/i0.wp.com\/cdnoticias.com\/wp-content\/uploads\/2022\/08\/WhatsApp-Image-2022-08-18-at-2.02.48-PM.jpeg?resize=300%2C225&amp;ssl=1 300w, https:\/\/i0.wp.com\/cdnoticias.com\/wp-content\/uploads\/2022\/08\/WhatsApp-Image-2022-08-18-at-2.02.48-PM.jpeg?resize=768%2C576&amp;ssl=1 768w, https:\/\/i0.wp.com\/cdnoticias.com\/wp-content\/uploads\/2022\/08\/WhatsApp-Image-2022-08-18-at-2.02.48-PM.jpeg?w=1040&amp;ssl=1 1040w\" sizes=\"auto, (max-width: 800px) 100vw, 800px\" \/><\/p>\n<p>&nbsp;<\/p>\n<p>En di\u00e1logo con los medios, <strong>Andr\u00e9s Pellegrini de la Asociaci\u00f3n de Periodistas de Olavarr\u00eda (APO)<\/strong> dentro de Fatpren, expres\u00f3 que el nuevo reclamo se dio ante<em> \u201cuna audiencia prevista para el pasado martes de forma semipresencial, la empresa no acudi\u00f3, desoy\u00f3 el llamado del Ministerio y por esta raz\u00f3n nos estamos manifestando. Necesitamos respuestas dentro del Convenio Colectivo de Trabajo 541\/08, en lo que refiere algunos \u00edtems como la recategorizaci\u00f3n, la consideraci\u00f3n dentro del trabajo en Categor\u00eda A y el respeto por las vacaciones que deben pagarse en tiempo y forma\u201d.<\/em><\/p>\n<p>&nbsp;<\/p>\n<p>Se trata de <em>\u201cun reclamo de larga data, hay un atraso salarial del pago de salarios de un 50% que refiere a julio. Esto corresponde a los tres gremios que participan dentro de la empresa. Pero tambi\u00e9n a lo que respecta a Fatpren con una cuesti\u00f3n que tiene que ver con la falta de comparecencia de la empresa en el Ministerio de Trabajo en las \u00faltimas audiencias\u201d<\/em> insisti\u00f3. <strong>Destac\u00f3 que la empresa \u201c<em>deb\u00eda presentar un plan de contingencia para buscar alternativas, no lo ha hecho y tampoco se presenta en las audiencias\u201d.<\/em><\/strong><\/p>\n<p>&nbsp;<\/p>\n<p><img data-recalc-dims=\"1\" loading=\"lazy\" decoding=\"async\" class=\"alignnone size-large wp-image-62690\" src=\"https:\/\/i0.wp.com\/cdnoticias.com\/wp-content\/uploads\/2022\/08\/WhatsApp-Image-2022-08-18-at-2.14.33-PM.jpeg?resize=800%2C347&#038;ssl=1\" alt=\"\" width=\"800\" height=\"347\" srcset=\"https:\/\/i0.wp.com\/cdnoticias.com\/wp-content\/uploads\/2022\/08\/WhatsApp-Image-2022-08-18-at-2.14.33-PM.jpeg?resize=1024%2C444&amp;ssl=1 1024w, https:\/\/i0.wp.com\/cdnoticias.com\/wp-content\/uploads\/2022\/08\/WhatsApp-Image-2022-08-18-at-2.14.33-PM.jpeg?resize=300%2C130&amp;ssl=1 300w, https:\/\/i0.wp.com\/cdnoticias.com\/wp-content\/uploads\/2022\/08\/WhatsApp-Image-2022-08-18-at-2.14.33-PM.jpeg?resize=768%2C333&amp;ssl=1 768w, https:\/\/i0.wp.com\/cdnoticias.com\/wp-content\/uploads\/2022\/08\/WhatsApp-Image-2022-08-18-at-2.14.33-PM.jpeg?w=1280&amp;ssl=1 1280w\" sizes=\"auto, (max-width: 800px) 100vw, 800px\" \/><\/p>\n<p>&nbsp;<\/p>\n<p><em>\u201cHay un nuevo llamado para el lunes, esperemos que la empresa acuda\u201d<\/em> indic\u00f3.<\/p>\n<p>&nbsp;<\/p>\n<blockquote><p>Si bien admiti\u00f3 que, por ahora, \u201chemos recibido alg\u00fan comunicado v\u00eda Whatsapp que confirmaron el pago del 50% del salario esta semana\u201d sobre el resto del salario \u201cno hubo ning\u00fan tipo de respuesta satisfactoria\u201d.<\/p><\/blockquote>\n<p>&nbsp;<\/p>\n<p>Tambi\u00e9n dio cuenta de los rumores que existen sobre una<strong> posible venta del multimedio a un grupo inversor:<\/strong><em> \u201chemos tomado contacto con la persona que estar\u00eda encabezando un grupo inversor, fehacientemente no se ha firmado nada, hay negociaciones. En teor\u00eda parte del acuerdo se cerrar\u00eda esta semana, pero hasta el momento en forma concreta nada\u201d<\/em> se\u00f1al\u00f3 Pellegrini.<\/p>\n<p>&nbsp;<\/p>\n<p><img data-recalc-dims=\"1\" loading=\"lazy\" decoding=\"async\" class=\"alignnone size-large wp-image-62692\" src=\"https:\/\/i0.wp.com\/cdnoticias.com\/wp-content\/uploads\/2022\/08\/WhatsApp-Image-2022-08-18-at-2.02.36-PM.jpeg?resize=800%2C600&#038;ssl=1\" alt=\"\" width=\"800\" height=\"600\" srcset=\"https:\/\/i0.wp.com\/cdnoticias.com\/wp-content\/uploads\/2022\/08\/WhatsApp-Image-2022-08-18-at-2.02.36-PM.jpeg?resize=1024%2C768&amp;ssl=1 1024w, https:\/\/i0.wp.com\/cdnoticias.com\/wp-content\/uploads\/2022\/08\/WhatsApp-Image-2022-08-18-at-2.02.36-PM.jpeg?resize=300%2C225&amp;ssl=1 300w, https:\/\/i0.wp.com\/cdnoticias.com\/wp-content\/uploads\/2022\/08\/WhatsApp-Image-2022-08-18-at-2.02.36-PM.jpeg?resize=768%2C576&amp;ssl=1 768w, https:\/\/i0.wp.com\/cdnoticias.com\/wp-content\/uploads\/2022\/08\/WhatsApp-Image-2022-08-18-at-2.02.36-PM.jpeg?w=1040&amp;ssl=1 1040w\" sizes=\"auto, (max-width: 800px) 100vw, 800px\" \/><\/p>\n<p>&nbsp;<\/p>\n<p>Por el lado del reclamo realizado por el gremio de Televisi\u00f3n, Satsaid,<em> \u201cdesde Telecom se inici\u00f3 un plan de colaboraci\u00f3n del pago de tres indemnizaciones a tres personas que son las de mayor antig\u00fcedad\u201d.<\/em><\/p>\n<p>&nbsp;<\/p>\n<p>Finalmente, Pellegrini (conductor del Noticiero de Canal Local) destac\u00f3 que <em>\u201cla intenci\u00f3n de trabajar siempre est\u00e1 en la mayor\u00eda de los casos\u201d aunque \u201chay algunos casos puntuales que en caso de ofrecimiento se alejar\u00edan.<strong> Pero la idea es seguir trabajando siempre y cuando se pague como corresponde y se respeten los derechos de los trabajadores\u201d.<\/strong><\/em><\/p>\n<p>&nbsp;<\/p>\n<p><strong><em>\u201cEl \u00e1nimo es de hartazgo, pero pensando en la lucha. Han pasado siete a\u00f1os de pagos desdoblados y la gente estamos cansados\u201d<\/em> <\/strong>cerr\u00f3.<\/p>\n","protected":false},"excerpt":{"rendered":"<p>Le pagaron, hasta ahora, solo el 50% del salario de julio. Hubo un fuerte acompa\u00f1amiento de sindicatos de la ciudad.<\/p>\n","protected":false},"author":2,"featured_media":62689,"comment_status":"closed","ping_status":"closed","sticky":false,"template":"","format":"standard","meta":{"_jetpack_memberships_contains_paid_content":false,"footnotes":""},"categories":[5,1],"tags":[],"class_list":["post-62688","post","type-post","status-publish","format-standard","has-post-thumbnail","hentry","category-informacion-general","category-portada"],"jetpack_featured_media_url":"https:\/\/i0.wp.com\/cdnoticias.com\/wp-content\/uploads\/2022\/08\/WhatsApp-Image-2022-08-18-at-1.35.32-PM.jpeg?fit=1040%2C780&ssl=1","jetpack_sharing_enabled":true,"_links":{"self":[{"href":"https:\/\/cdnoticias.com\/index.php\/wp-json\/wp\/v2\/posts\/62688","targetHints":{"allow":["GET"]}}],"collection":[{"href":"https:\/\/cdnoticias.com\/index.php\/wp-json\/wp\/v2\/posts"}],"about":[{"href":"https:\/\/cdnoticias.com\/index.php\/wp-json\/wp\/v2\/types\/post"}],"author":[{"embeddable":true,"href":"https:\/\/cdnoticias.com\/index.php\/wp-json\/wp\/v2\/users\/2"}],"replies":[{"embeddable":true,"href":"https:\/\/cdnoticias.com\/index.php\/wp-json\/wp\/v2\/comments?post=62688"}],"version-history":[{"count":0,"href":"https:\/\/cdnoticias.com\/index.php\/wp-json\/wp\/v2\/posts\/62688\/revisions"}],"wp:featuredmedia":[{"embeddable":true,"href":"https:\/\/cdnoticias.com\/index.php\/wp-json\/wp\/v2\/media\/62689"}],"wp:attachment":[{"href":"https:\/\/cdnoticias.com\/index.php\/wp-json\/wp\/v2\/media?parent=62688"}],"wp:term":[{"taxonomy":"category","embeddable":true,"href":"https:\/\/cdnoticias.com\/index.php\/wp-json\/wp\/v2\/categories?post=62688"},{"taxonomy":"post_tag","embeddable":true,"href":"https:\/\/cdnoticias.com\/index.php\/wp-json\/wp\/v2\/tags?post=62688"}],"curies":[{"name":"wp","href":"https:\/\/api.w.org\/{rel}","templated":true}]}}