{"id":62685,"date":"2022-08-19T18:30:34","date_gmt":"2022-08-19T21:30:34","guid":{"rendered":"https:\/\/www.centraldenoticias.com.ar\/?p=62685"},"modified":"2022-08-19T18:30:34","modified_gmt":"2022-08-19T21:30:34","slug":"massa-confirmo-un-programa-para-transformar-programas-sociales-en-empleo-formal","status":"publish","type":"post","link":"https:\/\/cdnoticias.com\/index.php\/2022\/08\/19\/massa-confirmo-un-programa-para-transformar-programas-sociales-en-empleo-formal\/","title":{"rendered":"Massa confirm\u00f3 un programa para transformar programas sociales en empleo formal"},"content":{"rendered":"<div class=\"td_block_wrap tdb_single_subtitle tdi_72 td-pb-border-top td_block_template_1\" data-td-block-uid=\"tdi_72\">\n<div class=\"tdb-block-inner td-fix-index\">\n<p>Busca incorporar el a\u00f1o pr\u00f3ximo a m\u00e1s de 200 mil beneficiarios al mercado laboral.<\/p>\n<\/div>\n<\/div>\n<p><!--more--><\/p>\n<hr \/>\n<p>&nbsp;<\/p>\n<p>El <strong>ministro de Econom\u00eda, Sergio Massa<\/strong>, anunci\u00f3 este jueves que ma\u00f1ana se publicar\u00e1 el decreto por el cual<strong> se pondr\u00e1 en marcha el programa para transformar planes sociales en empleo formal.<\/strong><\/p>\n<p>&nbsp;<\/p>\n<p>\u201cEstamos publicando ma\u00f1ana un decreto que <strong>nos permite empezar a transformar los programas sociales en planes de empleo<\/strong>; tiene como principal caracter\u00edstica que habilita a que quien hoy es beneficiario de un programa social pueda acceder al mercado de trabajo\u201d, dijo el ministro en el Consejo de las Am\u00e9ricas.<\/p>\n<p>&nbsp;<\/p>\n<p>Se\u00f1al\u00f3 que \u201cel empleador tiene bonificados los aportes y contribuciones, solo paga obra social, ART y sindicato\u201d y \u201cel Estado sigue pagando durante un a\u00f1o la base del programa y el empleador completa el salario de convenio\u201d.<\/p>\n<p>&nbsp;<\/p>\n<p>En este contexto, afirm\u00f3 que \u201c<strong>aspiramos a que a lo largo del a\u00f1o que viene podamos incorporar a m\u00e1s de 200 mil beneficiarios de programas sociales al mercado de trabajo<\/strong>, entendiendo adem\u00e1s que los niveles de desempleo que hoy tenemos encuentran techo en la capacidad de absorber mano de obra por falta de oferta\u201d.<\/p>\n<p>&nbsp;<\/p>\n<p>\u201cEl sector construcci\u00f3n, en el agro, sobre todo en econom\u00edas regionales, en el sector tabaco y en muchos otros lugares nos encontramos con la dificultad de que el temor a perder el plan los lleva a no formar parte de la fuerza de trabajo con derechos sociales que representa ser trabajador formal\u201d, concluy\u00f3.<\/p>\n<p>&nbsp;<\/p>\n<p><em>Fuente: DIB\u00a0<\/em><\/p>\n","protected":false},"excerpt":{"rendered":"<p>Busca incorporar el a\u00f1o pr\u00f3ximo a m\u00e1s de 200 mil beneficiarios al mercado laboral.<\/p>\n","protected":false},"author":6,"featured_media":62686,"comment_status":"closed","ping_status":"closed","sticky":false,"template":"","format":"standard","meta":{"_jetpack_memberships_contains_paid_content":false,"footnotes":""},"categories":[6,1],"tags":[],"class_list":["post-62685","post","type-post","status-publish","format-standard","has-post-thumbnail","hentry","category-nacionales","category-portada"],"jetpack_featured_media_url":"https:\/\/i0.wp.com\/cdnoticias.com\/wp-content\/uploads\/2022\/08\/Massa-1-1.jpg?fit=1024%2C683&ssl=1","jetpack_sharing_enabled":true,"_links":{"self":[{"href":"https:\/\/cdnoticias.com\/index.php\/wp-json\/wp\/v2\/posts\/62685","targetHints":{"allow":["GET"]}}],"collection":[{"href":"https:\/\/cdnoticias.com\/index.php\/wp-json\/wp\/v2\/posts"}],"about":[{"href":"https:\/\/cdnoticias.com\/index.php\/wp-json\/wp\/v2\/types\/post"}],"author":[{"embeddable":true,"href":"https:\/\/cdnoticias.com\/index.php\/wp-json\/wp\/v2\/users\/6"}],"replies":[{"embeddable":true,"href":"https:\/\/cdnoticias.com\/index.php\/wp-json\/wp\/v2\/comments?post=62685"}],"version-history":[{"count":0,"href":"https:\/\/cdnoticias.com\/index.php\/wp-json\/wp\/v2\/posts\/62685\/revisions"}],"wp:featuredmedia":[{"embeddable":true,"href":"https:\/\/cdnoticias.com\/index.php\/wp-json\/wp\/v2\/media\/62686"}],"wp:attachment":[{"href":"https:\/\/cdnoticias.com\/index.php\/wp-json\/wp\/v2\/media?parent=62685"}],"wp:term":[{"taxonomy":"category","embeddable":true,"href":"https:\/\/cdnoticias.com\/index.php\/wp-json\/wp\/v2\/categories?post=62685"},{"taxonomy":"post_tag","embeddable":true,"href":"https:\/\/cdnoticias.com\/index.php\/wp-json\/wp\/v2\/tags?post=62685"}],"curies":[{"name":"wp","href":"https:\/\/api.w.org\/{rel}","templated":true}]}}