{"id":62673,"date":"2022-08-18T18:00:07","date_gmt":"2022-08-18T21:00:07","guid":{"rendered":"https:\/\/www.centraldenoticias.com.ar\/?p=62673"},"modified":"2022-08-18T18:00:07","modified_gmt":"2022-08-18T21:00:07","slug":"gabriela-mansilla-brindara-la-conferencia-infancias-desobedientes","status":"publish","type":"post","link":"https:\/\/cdnoticias.com\/index.php\/2022\/08\/18\/gabriela-mansilla-brindara-la-conferencia-infancias-desobedientes\/","title":{"rendered":"Gabriela Mansilla brindar\u00e1 la conferencia \u201cInfancias Desobedientes\u201d"},"content":{"rendered":"<p>En el marco del Mes de las Infancias, la mam\u00e1 de Luana, la primera ni\u00f1a trans en recibir su DNI de acuerdo a su identidad de g\u00e9nero autopercibida, encabezar\u00e1 un conversatorio sobre ni\u00f1eces trans.<!--more--><\/p>\n<hr \/>\n<p>&nbsp;<\/p>\n<p><strong>Gabriela Mansilla<\/strong>, <strong>activista por los derechos de las ni\u00f1eces y adolescencias travesti-trans, escritora y mam\u00e1 de Luana, primera ni\u00f1a trans en Argentina en recibir su DNI<\/strong> <strong>de acuerdo a su identidad de g\u00e9nero<\/strong>, se presentar\u00e1 en nuestra ciudad este <strong>viernes 19 de agosto<\/strong> en el marco de las actividades por el <strong>Mes de las Infancias.<\/strong><\/p>\n<p>&nbsp;<\/p>\n<p>La iniciativa es parte de la primera acci\u00f3n enmarcada en el convenio firmado por la Direcci\u00f3n de Pol\u00edticas de G\u00e9nero, la Subsecretar\u00eda de Cultura y Educaci\u00f3n del Municipio y la Facultad de Ciencias Sociales, tendiente a generar actividades culturales con perspectiva de g\u00e9nero durante todo un a\u00f1o de trabajo conjunto.<\/p>\n<p>&nbsp;<\/p>\n<p>La conferencia <em><strong>\u201cInfancias Desobedientes\u201d<\/strong> <\/em>se llevar\u00e1 a cabo el <strong>viernes 19 de agosto desde las 18:00 en el Centro Cultural Municipal San Jos\u00e9<\/strong>, y es <strong>abierta a toda la comunidad.<\/strong><\/p>\n<p>&nbsp;<\/p>\n<p><img data-recalc-dims=\"1\" loading=\"lazy\" decoding=\"async\" class=\"aligncenter wp-image-62675 size-large\" src=\"https:\/\/i0.wp.com\/cdnoticias.com\/wp-content\/uploads\/2022\/08\/Gabriela-Mansilla.jpg?resize=800%2C800&#038;ssl=1\" alt=\"\" width=\"800\" height=\"800\" srcset=\"https:\/\/i0.wp.com\/cdnoticias.com\/wp-content\/uploads\/2022\/08\/Gabriela-Mansilla.jpg?resize=1024%2C1024&amp;ssl=1 1024w, https:\/\/i0.wp.com\/cdnoticias.com\/wp-content\/uploads\/2022\/08\/Gabriela-Mansilla.jpg?resize=300%2C300&amp;ssl=1 300w, https:\/\/i0.wp.com\/cdnoticias.com\/wp-content\/uploads\/2022\/08\/Gabriela-Mansilla.jpg?resize=150%2C150&amp;ssl=1 150w, https:\/\/i0.wp.com\/cdnoticias.com\/wp-content\/uploads\/2022\/08\/Gabriela-Mansilla.jpg?resize=768%2C769&amp;ssl=1 768w, https:\/\/i0.wp.com\/cdnoticias.com\/wp-content\/uploads\/2022\/08\/Gabriela-Mansilla.jpg?resize=1534%2C1536&amp;ssl=1 1534w, https:\/\/i0.wp.com\/cdnoticias.com\/wp-content\/uploads\/2022\/08\/Gabriela-Mansilla.jpg?resize=2045%2C2048&amp;ssl=1 2045w, https:\/\/i0.wp.com\/cdnoticias.com\/wp-content\/uploads\/2022\/08\/Gabriela-Mansilla.jpg?w=1600&amp;ssl=1 1600w\" sizes=\"auto, (max-width: 800px) 100vw, 800px\" \/><\/p>\n<p>&nbsp;<\/p>\n<p>&#8220;La<strong> historia de Luana<\/strong> se hizo conocida en nuestro pa\u00eds gracias a la lucha de su mam\u00e1 por garantizar el cumplimiento de sus derechos en todos los \u00e1mbitos sociales e institucionales. Gracias a su incansable tarea, Luana y Gabriela se transformaron en<strong> referencia en materia de ni\u00f1eces trans<\/strong> y realizaron un fuerte aporte para visibilizar una realidad desatendida por las instituciones. El recorrido se transform\u00f3 en dos libros, una pel\u00edcula, un documental e innumerables conversatorios en todo el pa\u00eds&#8221; se indic\u00f3.<\/p>\n<p>&nbsp;<\/p>\n<p>Luego de la disertaci\u00f3n se propiciar\u00e1 entre los asistentes una charla\u2013debate, con la participaci\u00f3n de la Direcci\u00f3n de Pol\u00edticas de G\u00e9nero, el Observatorio de Ni\u00f1ez y Adolescencia de la Facultad de Ciencias Sociales, y las organizaciones y colectivos que participen de la propuesta.<\/p>\n","protected":false},"excerpt":{"rendered":"<p>En el marco del Mes de las Infancias, la mam\u00e1 de Luana, la primera ni\u00f1a trans en recibir su DNI<\/p>\n","protected":false},"author":6,"featured_media":62674,"comment_status":"closed","ping_status":"closed","sticky":false,"template":"","format":"standard","meta":{"_jetpack_memberships_contains_paid_content":false,"footnotes":""},"categories":[3,1],"tags":[],"class_list":["post-62673","post","type-post","status-publish","format-standard","has-post-thumbnail","hentry","category-genero","category-portada"],"jetpack_featured_media_url":"https:\/\/i0.wp.com\/cdnoticias.com\/wp-content\/uploads\/2022\/08\/Gabriela-Mansilla1.jpg?fit=730%2C443&ssl=1","jetpack_sharing_enabled":true,"_links":{"self":[{"href":"https:\/\/cdnoticias.com\/index.php\/wp-json\/wp\/v2\/posts\/62673","targetHints":{"allow":["GET"]}}],"collection":[{"href":"https:\/\/cdnoticias.com\/index.php\/wp-json\/wp\/v2\/posts"}],"about":[{"href":"https:\/\/cdnoticias.com\/index.php\/wp-json\/wp\/v2\/types\/post"}],"author":[{"embeddable":true,"href":"https:\/\/cdnoticias.com\/index.php\/wp-json\/wp\/v2\/users\/6"}],"replies":[{"embeddable":true,"href":"https:\/\/cdnoticias.com\/index.php\/wp-json\/wp\/v2\/comments?post=62673"}],"version-history":[{"count":0,"href":"https:\/\/cdnoticias.com\/index.php\/wp-json\/wp\/v2\/posts\/62673\/revisions"}],"wp:featuredmedia":[{"embeddable":true,"href":"https:\/\/cdnoticias.com\/index.php\/wp-json\/wp\/v2\/media\/62674"}],"wp:attachment":[{"href":"https:\/\/cdnoticias.com\/index.php\/wp-json\/wp\/v2\/media?parent=62673"}],"wp:term":[{"taxonomy":"category","embeddable":true,"href":"https:\/\/cdnoticias.com\/index.php\/wp-json\/wp\/v2\/categories?post=62673"},{"taxonomy":"post_tag","embeddable":true,"href":"https:\/\/cdnoticias.com\/index.php\/wp-json\/wp\/v2\/tags?post=62673"}],"curies":[{"name":"wp","href":"https:\/\/api.w.org\/{rel}","templated":true}]}}