{"id":62630,"date":"2022-08-18T07:55:43","date_gmt":"2022-08-18T10:55:43","guid":{"rendered":"https:\/\/www.centraldenoticias.com.ar\/?p=62630"},"modified":"2022-08-18T11:14:02","modified_gmt":"2022-08-18T14:14:02","slug":"un-fuerte-choque-entre-dos-autos-se-produjo-en-avenida-colon","status":"publish","type":"post","link":"https:\/\/cdnoticias.com\/index.php\/2022\/08\/18\/un-fuerte-choque-entre-dos-autos-se-produjo-en-avenida-colon\/","title":{"rendered":"Un fuerte choque entre dos autos se produjo en avenida Col\u00f3n"},"content":{"rendered":"<p>Fue este jueves por la ma\u00f1ana en el cruce con Independencia. En el lugar funciona un sem\u00e1foro. No hubo que lamentar heridos.<!--more--><\/p>\n<hr \/>\n<p>Alrededor de las 7:30 de este jueves se produjo un accidente en <strong>avenida Col\u00f3n e Independencia.<\/strong><\/p>\n<p>&nbsp;<\/p>\n<p>En la intersecci\u00f3n pese a funcionar el sem\u00e1foro, chocaron un auto Fiat Palio y un Renault Megane. El impacto fue de tal magnitud que termin\u00f3 con <strong>uno de los veh\u00edculos \u201ccruzado\u201d sobre la avenida.<\/strong><\/p>\n<p>&nbsp;<\/p>\n<p><img data-recalc-dims=\"1\" loading=\"lazy\" decoding=\"async\" class=\"aligncenter size-full wp-image-62632\" src=\"https:\/\/i0.wp.com\/cdnoticias.com\/wp-content\/uploads\/2022\/08\/choque-colon-independencia-02.jpeg?resize=800%2C398&#038;ssl=1\" alt=\"\" width=\"800\" height=\"398\" srcset=\"https:\/\/i0.wp.com\/cdnoticias.com\/wp-content\/uploads\/2022\/08\/choque-colon-independencia-02.jpeg?w=1280&amp;ssl=1 1280w, https:\/\/i0.wp.com\/cdnoticias.com\/wp-content\/uploads\/2022\/08\/choque-colon-independencia-02.jpeg?resize=300%2C149&amp;ssl=1 300w, https:\/\/i0.wp.com\/cdnoticias.com\/wp-content\/uploads\/2022\/08\/choque-colon-independencia-02.jpeg?resize=1024%2C510&amp;ssl=1 1024w, https:\/\/i0.wp.com\/cdnoticias.com\/wp-content\/uploads\/2022\/08\/choque-colon-independencia-02.jpeg?resize=768%2C382&amp;ssl=1 768w\" sizes=\"auto, (max-width: 800px) 100vw, 800px\" \/><\/p>\n<p>&nbsp;<\/p>\n<p>Afortunadamente <strong>no hubo que lamentar heridos y solo se registraron da\u00f1os materiales.<\/strong> El personal policial r\u00e1pidamente ayudo a despejar la avenida y no fue necesario cortar el tr\u00e1nsito en el sector.<\/p>\n","protected":false},"excerpt":{"rendered":"<p>Fue este jueves por la ma\u00f1ana en el cruce con Independencia. En el lugar funciona un sem\u00e1foro. No hubo que<\/p>\n","protected":false},"author":5,"featured_media":62631,"comment_status":"closed","ping_status":"closed","sticky":false,"template":"","format":"standard","meta":{"_jetpack_memberships_contains_paid_content":false,"footnotes":""},"categories":[14,1],"tags":[],"class_list":["post-62630","post","type-post","status-publish","format-standard","has-post-thumbnail","hentry","category-policiales","category-portada"],"jetpack_featured_media_url":"https:\/\/i0.wp.com\/cdnoticias.com\/wp-content\/uploads\/2022\/08\/choque-colon-independencia-01.jpeg?fit=1280%2C798&ssl=1","jetpack_sharing_enabled":true,"_links":{"self":[{"href":"https:\/\/cdnoticias.com\/index.php\/wp-json\/wp\/v2\/posts\/62630","targetHints":{"allow":["GET"]}}],"collection":[{"href":"https:\/\/cdnoticias.com\/index.php\/wp-json\/wp\/v2\/posts"}],"about":[{"href":"https:\/\/cdnoticias.com\/index.php\/wp-json\/wp\/v2\/types\/post"}],"author":[{"embeddable":true,"href":"https:\/\/cdnoticias.com\/index.php\/wp-json\/wp\/v2\/users\/5"}],"replies":[{"embeddable":true,"href":"https:\/\/cdnoticias.com\/index.php\/wp-json\/wp\/v2\/comments?post=62630"}],"version-history":[{"count":0,"href":"https:\/\/cdnoticias.com\/index.php\/wp-json\/wp\/v2\/posts\/62630\/revisions"}],"wp:featuredmedia":[{"embeddable":true,"href":"https:\/\/cdnoticias.com\/index.php\/wp-json\/wp\/v2\/media\/62631"}],"wp:attachment":[{"href":"https:\/\/cdnoticias.com\/index.php\/wp-json\/wp\/v2\/media?parent=62630"}],"wp:term":[{"taxonomy":"category","embeddable":true,"href":"https:\/\/cdnoticias.com\/index.php\/wp-json\/wp\/v2\/categories?post=62630"},{"taxonomy":"post_tag","embeddable":true,"href":"https:\/\/cdnoticias.com\/index.php\/wp-json\/wp\/v2\/tags?post=62630"}],"curies":[{"name":"wp","href":"https:\/\/api.w.org\/{rel}","templated":true}]}}