{"id":62620,"date":"2022-08-17T19:30:38","date_gmt":"2022-08-17T22:30:38","guid":{"rendered":"https:\/\/www.centraldenoticias.com.ar\/?p=62620"},"modified":"2022-08-17T19:30:38","modified_gmt":"2022-08-17T22:30:38","slug":"se-realizara-un-corte-de-luz-en-un-sector-de-la-ciudad","status":"publish","type":"post","link":"https:\/\/cdnoticias.com\/index.php\/2022\/08\/17\/se-realizara-un-corte-de-luz-en-un-sector-de-la-ciudad\/","title":{"rendered":"Se realizar\u00e1 un corte de luz en un sector de la ciudad"},"content":{"rendered":"<p>Ser\u00e1 este jueves de 08:00 a 10:00. Se indic\u00f3 que es por tareas de mantenimiento.<!--more--><\/p>\n<hr \/>\n<p>&nbsp;<\/p>\n<p>Desde Coopelectric se inform\u00f3 que durante la<strong> ma\u00f1ana de este jueves 18<\/strong> se llevar\u00e1 a cabo un corte de luz por tareas de mantenimiento.<\/p>\n<p>&nbsp;<\/p>\n<p>Ser\u00e1 entre <strong>las 08:00 y las 10:00<\/strong> en un sector de la ciudad: <strong>Rivadavia- Rend\u00f3n- Lamadrid- avenida Avellaneda.\u00a0<\/strong><\/p>\n<p>&nbsp;<\/p>\n<p>Se indic\u00f3 que puede suspenderse sin las condiciones clim\u00e1ticas son adversas. En tal caso, las tareas ser\u00e1n reprogramadas.<\/p>\n<p>&nbsp;<\/p>\n","protected":false},"excerpt":{"rendered":"<p>Ser\u00e1 este jueves de 08:00 a 10:00. Se indic\u00f3 que es por tareas de mantenimiento.<\/p>\n","protected":false},"author":6,"featured_media":12971,"comment_status":"closed","ping_status":"closed","sticky":false,"template":"","format":"standard","meta":{"_jetpack_memberships_contains_paid_content":false,"footnotes":""},"categories":[5,1],"tags":[],"class_list":["post-62620","post","type-post","status-publish","format-standard","has-post-thumbnail","hentry","category-informacion-general","category-portada"],"jetpack_featured_media_url":"https:\/\/i0.wp.com\/cdnoticias.com\/wp-content\/uploads\/2021\/02\/Nueva-SET-Villa-Aurora-03.jpg?fit=1024%2C768&ssl=1","jetpack_sharing_enabled":true,"_links":{"self":[{"href":"https:\/\/cdnoticias.com\/index.php\/wp-json\/wp\/v2\/posts\/62620","targetHints":{"allow":["GET"]}}],"collection":[{"href":"https:\/\/cdnoticias.com\/index.php\/wp-json\/wp\/v2\/posts"}],"about":[{"href":"https:\/\/cdnoticias.com\/index.php\/wp-json\/wp\/v2\/types\/post"}],"author":[{"embeddable":true,"href":"https:\/\/cdnoticias.com\/index.php\/wp-json\/wp\/v2\/users\/6"}],"replies":[{"embeddable":true,"href":"https:\/\/cdnoticias.com\/index.php\/wp-json\/wp\/v2\/comments?post=62620"}],"version-history":[{"count":0,"href":"https:\/\/cdnoticias.com\/index.php\/wp-json\/wp\/v2\/posts\/62620\/revisions"}],"wp:featuredmedia":[{"embeddable":true,"href":"https:\/\/cdnoticias.com\/index.php\/wp-json\/wp\/v2\/media\/12971"}],"wp:attachment":[{"href":"https:\/\/cdnoticias.com\/index.php\/wp-json\/wp\/v2\/media?parent=62620"}],"wp:term":[{"taxonomy":"category","embeddable":true,"href":"https:\/\/cdnoticias.com\/index.php\/wp-json\/wp\/v2\/categories?post=62620"},{"taxonomy":"post_tag","embeddable":true,"href":"https:\/\/cdnoticias.com\/index.php\/wp-json\/wp\/v2\/tags?post=62620"}],"curies":[{"name":"wp","href":"https:\/\/api.w.org\/{rel}","templated":true}]}}