{"id":62603,"date":"2022-08-18T08:17:22","date_gmt":"2022-08-18T11:17:22","guid":{"rendered":"https:\/\/www.centraldenoticias.com.ar\/?p=62603"},"modified":"2022-08-18T08:17:22","modified_gmt":"2022-08-18T11:17:22","slug":"ciclo-cafe-cultura-asi-te-contamos-historias","status":"publish","type":"post","link":"https:\/\/cdnoticias.com\/index.php\/2022\/08\/18\/ciclo-cafe-cultura-asi-te-contamos-historias\/","title":{"rendered":"Ciclo Caf\u00e9 Cultura: \u201cAs\u00ed te contamos historias\u201d"},"content":{"rendered":"<p>Ser\u00e1 el s\u00e1bado 20 de agosto a las 18:00 en El Ateneo N\u00e9stor Kirchner. Se presentar\u00e1n el escritor Joaqu\u00edn Areta y la narradora Mar\u00eda de los \u00c1ngeles Manna. <!--more--><\/p>\n<hr \/>\n<p>&nbsp;<\/p>\n<p>El <strong>Instituto Cultural de la provincia de Buenos Aires<\/strong> lanza una <strong>nueva edici\u00f3n del ciclo de charlas y debates \u201cCaf\u00e9 Cultura\u201d.<\/strong><\/p>\n<p>&nbsp;<\/p>\n<p>La tem\u00e1tica para este nuevo encuentro girar\u00e1 en torno a la narraci\u00f3n y a la escritura: \u201c<strong><em>As\u00ed te contamos historias. Un di\u00e1logo entre la narraci\u00f3n oral y la escritura\u201d.<\/em><\/strong> Se realizar\u00e1 el <strong>s\u00e1bado 20 de agosto a las 18:00 en El Ateneo N\u00e9stor Kirchner,<\/strong> ubicado en Pringles 3968.<\/p>\n<p>&nbsp;<\/p>\n<p>La exposici\u00f3n de la charla estar\u00e1 a cargo del<strong> escritor Joaqu\u00edn Areta y la narradora Mar\u00eda de los \u00c1ngeles Manna.<\/strong> &#8220;Har\u00e1n un recorrido por sus experiencias, promoviendo el debate y la inclusi\u00f3n del p\u00fablico, permitiendo as\u00ed, no condicionar a los oyentes con la consigna impuesta del encuentro&#8221; se indic\u00f3.<\/p>\n<p>&nbsp;<\/p>\n<p><strong>\u201cCaf\u00e9 Cultura\u201d es un programa de debates y charlas <\/strong>que intenta reconocer las diferentes identidades a lo largo y ancho de la Provincia, con el objetivo de intercambiar ideas y reflexiones entre los y las disertantes y el p\u00fablico.<\/p>\n<p>&nbsp;<\/p>\n<p>Desde el organismo provincial conducido por <strong>Florencia Saintout<\/strong> explicaron que \u201cm\u00e1s all\u00e1 que las charlas sean propuestas bajo tem\u00e1ticas, el fin de las mismas no concierne en imponer sino que, est\u00e1n orientadas para que los y las oyentes elijan los ejes. Es por ello que en todos los encuentros, existe un espacio para que los y las vecinas ofrezcan sus miradas, reflexiones, experiencias e ideas\u201d.<\/p>\n<p>&nbsp;<\/p>\n<p><strong>Joaqu\u00edn Areta<\/strong> naci\u00f3 en 1979 en Neuqu\u00e9n, donde vivi\u00f3 hasta los 17 a\u00f1os. Se gradu\u00f3 en Psicolog\u00eda en 2003 en la UNLP, casa de estudios en la que fue docente. Trabaja haciendo psicolog\u00eda cl\u00ednica y en el \u00e1mbito carcelario, pero se dedic\u00f3 a la escritura literaria desde que siente que la publicaci\u00f3n de art\u00edculos acad\u00e9micos no es lo creativa que \u00e9l quisiera. Public\u00f3 en 2013, el libro \u00e1lbum La tarea imposible de V\u00edctor. En 2020 public\u00f3 su primera novela Enjambre.<\/p>\n<p>&nbsp;<\/p>\n<p><img data-recalc-dims=\"1\" loading=\"lazy\" decoding=\"async\" class=\"aligncenter wp-image-62608 size-large\" src=\"https:\/\/i0.wp.com\/cdnoticias.com\/wp-content\/uploads\/2022\/08\/WhatsApp-Image-2022-08-17-at-4.01.06-PM.jpeg?resize=800%2C487&#038;ssl=1\" alt=\"\" width=\"800\" height=\"487\" srcset=\"https:\/\/i0.wp.com\/cdnoticias.com\/wp-content\/uploads\/2022\/08\/WhatsApp-Image-2022-08-17-at-4.01.06-PM.jpeg?resize=1024%2C623&amp;ssl=1 1024w, https:\/\/i0.wp.com\/cdnoticias.com\/wp-content\/uploads\/2022\/08\/WhatsApp-Image-2022-08-17-at-4.01.06-PM.jpeg?resize=300%2C183&amp;ssl=1 300w, https:\/\/i0.wp.com\/cdnoticias.com\/wp-content\/uploads\/2022\/08\/WhatsApp-Image-2022-08-17-at-4.01.06-PM.jpeg?resize=768%2C468&amp;ssl=1 768w, https:\/\/i0.wp.com\/cdnoticias.com\/wp-content\/uploads\/2022\/08\/WhatsApp-Image-2022-08-17-at-4.01.06-PM.jpeg?w=1140&amp;ssl=1 1140w\" sizes=\"auto, (max-width: 800px) 100vw, 800px\" \/><\/p>\n<p>&nbsp;<\/p>\n<p><strong>Mar\u00eda de los \u00c1ngeles Manna<\/strong> naci\u00f3 en 1973. Es narradora oral desde el 2004. Formada por narradores como Marta Lorente, Paula Martin, Ana Padovani, Ana Mar\u00eda Bovo, Claudio Ledesma. Dirige los Talleres de Narraci\u00f3n Oral &#8220;Avrakadavra&#8221; de la Sala Abierta de Lectura y de La Casa Azul.<\/p>\n<p>&nbsp;<\/p>\n<p><img data-recalc-dims=\"1\" loading=\"lazy\" decoding=\"async\" class=\"aligncenter wp-image-62609 size-large\" src=\"https:\/\/i0.wp.com\/cdnoticias.com\/wp-content\/uploads\/2022\/08\/WhatsApp-Image-2022-08-17-at-4.01.07-PM.jpeg?resize=800%2C802&#038;ssl=1\" alt=\"\" width=\"800\" height=\"802\" srcset=\"https:\/\/i0.wp.com\/cdnoticias.com\/wp-content\/uploads\/2022\/08\/WhatsApp-Image-2022-08-17-at-4.01.07-PM.jpeg?resize=1022%2C1024&amp;ssl=1 1022w, https:\/\/i0.wp.com\/cdnoticias.com\/wp-content\/uploads\/2022\/08\/WhatsApp-Image-2022-08-17-at-4.01.07-PM.jpeg?resize=300%2C300&amp;ssl=1 300w, https:\/\/i0.wp.com\/cdnoticias.com\/wp-content\/uploads\/2022\/08\/WhatsApp-Image-2022-08-17-at-4.01.07-PM.jpeg?resize=150%2C150&amp;ssl=1 150w, https:\/\/i0.wp.com\/cdnoticias.com\/wp-content\/uploads\/2022\/08\/WhatsApp-Image-2022-08-17-at-4.01.07-PM.jpeg?resize=768%2C769&amp;ssl=1 768w, https:\/\/i0.wp.com\/cdnoticias.com\/wp-content\/uploads\/2022\/08\/WhatsApp-Image-2022-08-17-at-4.01.07-PM.jpeg?w=1079&amp;ssl=1 1079w\" sizes=\"auto, (max-width: 800px) 100vw, 800px\" \/><\/p>\n<p>&nbsp;<\/p>\n<p>Los interesados deber\u00e1n inscribirse de manera virtual en el siguiente link:<a href=\"https:\/\/forms.gle\/XoCchpu4HJT3zQFf7\" target=\"_blank\" rel=\"noopener\"> https:\/\/forms.gle\/XoCchpu4HJT3zQFf7<\/a><\/p>\n","protected":false},"excerpt":{"rendered":"<p>Ser\u00e1 el s\u00e1bado 20 de agosto a las 18:00 en El Ateneo N\u00e9stor Kirchner. Se presentar\u00e1n el escritor Joaqu\u00edn Areta<\/p>\n","protected":false},"author":6,"featured_media":62606,"comment_status":"closed","ping_status":"closed","sticky":false,"template":"","format":"standard","meta":{"_jetpack_memberships_contains_paid_content":false,"footnotes":""},"categories":[9,1],"tags":[],"class_list":["post-62603","post","type-post","status-publish","format-standard","has-post-thumbnail","hentry","category-cultura","category-portada"],"jetpack_featured_media_url":"https:\/\/i0.wp.com\/cdnoticias.com\/wp-content\/uploads\/2022\/08\/Diseno-sin-titulo-49-1.jpg?fit=1920%2C1080&ssl=1","jetpack_sharing_enabled":true,"_links":{"self":[{"href":"https:\/\/cdnoticias.com\/index.php\/wp-json\/wp\/v2\/posts\/62603","targetHints":{"allow":["GET"]}}],"collection":[{"href":"https:\/\/cdnoticias.com\/index.php\/wp-json\/wp\/v2\/posts"}],"about":[{"href":"https:\/\/cdnoticias.com\/index.php\/wp-json\/wp\/v2\/types\/post"}],"author":[{"embeddable":true,"href":"https:\/\/cdnoticias.com\/index.php\/wp-json\/wp\/v2\/users\/6"}],"replies":[{"embeddable":true,"href":"https:\/\/cdnoticias.com\/index.php\/wp-json\/wp\/v2\/comments?post=62603"}],"version-history":[{"count":0,"href":"https:\/\/cdnoticias.com\/index.php\/wp-json\/wp\/v2\/posts\/62603\/revisions"}],"wp:featuredmedia":[{"embeddable":true,"href":"https:\/\/cdnoticias.com\/index.php\/wp-json\/wp\/v2\/media\/62606"}],"wp:attachment":[{"href":"https:\/\/cdnoticias.com\/index.php\/wp-json\/wp\/v2\/media?parent=62603"}],"wp:term":[{"taxonomy":"category","embeddable":true,"href":"https:\/\/cdnoticias.com\/index.php\/wp-json\/wp\/v2\/categories?post=62603"},{"taxonomy":"post_tag","embeddable":true,"href":"https:\/\/cdnoticias.com\/index.php\/wp-json\/wp\/v2\/tags?post=62603"}],"curies":[{"name":"wp","href":"https:\/\/api.w.org\/{rel}","templated":true}]}}