{"id":62600,"date":"2022-09-10T09:16:07","date_gmt":"2022-09-10T12:16:07","guid":{"rendered":"https:\/\/www.centraldenoticias.com.ar\/?p=62600"},"modified":"2022-09-10T09:16:07","modified_gmt":"2022-09-10T12:16:07","slug":"taller-de-actualizacion-comunicacion-de-la-ciencia-en-los-medios-de-comunicacion","status":"publish","type":"post","link":"https:\/\/cdnoticias.com\/index.php\/2022\/09\/10\/taller-de-actualizacion-comunicacion-de-la-ciencia-en-los-medios-de-comunicacion\/","title":{"rendered":"Taller de actualizaci\u00f3n \u201cComunicaci\u00f3n de la ciencia en los medios de comunicaci\u00f3n\u201d"},"content":{"rendered":"<p>Ser\u00e1 entre el 12 de septiembre y el 14 de octubre. Se dictar\u00e1 en la Facultad de Ciencias Sociales. Los detalles. <!--more--><\/p>\n<hr \/>\n<p>&nbsp;<\/p>\n<p>En el marco de la Diplomatura Universitaria Superior en Comunicaci\u00f3n P\u00fablica de la Ciencia,<strong> FACSO ofrecer\u00e1 el taller<\/strong> de actualizaci\u00f3n denominado \u201c<strong>Comunicaci\u00f3n de la ciencia en los medios de comunicaci\u00f3n\u201d,<\/strong> bajo la <strong>modalidad virtual<\/strong>, que se dictar\u00e1 <strong>entre del 12 de septiembre y el 14 de octubre<\/strong>. Tendr\u00e1 una duraci\u00f3n 30 horas reloj, distribuidas en cinco semanas de duraci\u00f3n.<\/p>\n<p>&nbsp;<\/p>\n<p><strong>Estar\u00e1 a cargo de Pablo Esteban<\/strong>, Dr. en Comunicaci\u00f3n en la Universidad Nacional de La Plata, Mag\u00edster en Sociolog\u00eda de la Cultura y An\u00e1lisis Cultural egresado de la Universidad Nacional de San Mart\u00edn y Licenciado en Comunicaci\u00f3n Social por la Universidad Nacional de Quilmes. Periodista de Ciencia y Sociedad en el diario P\u00e1gina 12 y productor period\u00edstico en La Liga de la Ciencia (programa emitido por TV P\u00fablica Argentina). Tambi\u00e9n se desempe\u00f1a como docente e investigador en la UNQ, instituci\u00f3n en la que, adem\u00e1s, realiza trabajos de periodismo y divulgaci\u00f3n cient\u00edfica.<\/p>\n<p>&nbsp;<\/p>\n<p>La propuesta tiene por objetivo<strong> debatir y reflexionar en torno a la ciencia y su circulaci\u00f3n en el espacio p\u00fablico como una problem\u00e1tica de dimensiones culturales, comunicacionales y pol\u00edticas.<\/strong> Se plantea para ello explorar los m\u00e9todos, las herramientas y los recursos empleados en la comunicaci\u00f3n p\u00fablica de la ciencia y la tecnolog\u00eda; reconocer las diversas estrategias medi\u00e1ticas -y no medi\u00e1ticas- de comunicaci\u00f3n p\u00fablica de la ciencia y la tecnolog\u00eda, para abordar los diferentes g\u00e9neros y registros a partir de los cuales es posible su comunicaci\u00f3n; recuperar la figura del p\u00fablico como clave para redefinir las estrategias de comunicaci\u00f3n.<\/p>\n<p>&nbsp;<\/p>\n<p>La propuesta es organizada por la Diplomatura Universitaria Superior en Comunicaci\u00f3n P\u00fablica de la Ciencia de la Facultad de Ciencias Sociales (UNICEN), y el Centro Cient\u00edfico Tecnol\u00f3gico CONICET\u2013TANDIL (CCT CONICET\u2013TANDIL).<\/p>\n<p>&nbsp;<\/p>\n<p><strong>La inscripci\u00f3n est\u00e1 abierta hasta el lunes 5 de septiembre.<\/strong> Quienes est\u00e9n interesados\/as deber\u00e1n <a href=\"https:\/\/www.soc.unicen.edu.ar\/images\/M_images\/2022\/PDF\/Ficha_de_Inscripcin_Taller_Pablo_Esteban.pdf\" target=\"_blank\" rel=\"noopener\">completar la ficha de inscripci\u00f3n disponible aqu\u00ed<\/a> y enviarla por correo electr\u00f3nico a la Secretar\u00eda de Investigaci\u00f3n y Postgrado de la FACSO: diplomatura.cpc@soc.unicen.edu.ar, acompa\u00f1ada de copia escaneada del DNI y del t\u00edtulo de nivel superior.<\/p>\n<p>&nbsp;<\/p>\n<p>Costo del Taller: <strong>$ 9.000 para argentinos\/as<\/strong> y <strong>US$ 70 para extranjeros\/as<\/strong>. El plazo para realizar el pago es hasta el viernes 9 de septiembre.<\/p>\n","protected":false},"excerpt":{"rendered":"<p>Ser\u00e1 entre el 12 de septiembre y el 14 de octubre. Se dictar\u00e1 en la Facultad de Ciencias Sociales. Los<\/p>\n","protected":false},"author":6,"featured_media":30018,"comment_status":"closed","ping_status":"closed","sticky":false,"template":"","format":"standard","meta":{"_jetpack_memberships_contains_paid_content":false,"footnotes":""},"categories":[5,1],"tags":[],"class_list":["post-62600","post","type-post","status-publish","format-standard","has-post-thumbnail","hentry","category-informacion-general","category-portada"],"jetpack_featured_media_url":"https:\/\/i0.wp.com\/cdnoticias.com\/wp-content\/uploads\/2021\/08\/Sede-Facultad.jpg?fit=1500%2C867&ssl=1","jetpack_sharing_enabled":true,"_links":{"self":[{"href":"https:\/\/cdnoticias.com\/index.php\/wp-json\/wp\/v2\/posts\/62600","targetHints":{"allow":["GET"]}}],"collection":[{"href":"https:\/\/cdnoticias.com\/index.php\/wp-json\/wp\/v2\/posts"}],"about":[{"href":"https:\/\/cdnoticias.com\/index.php\/wp-json\/wp\/v2\/types\/post"}],"author":[{"embeddable":true,"href":"https:\/\/cdnoticias.com\/index.php\/wp-json\/wp\/v2\/users\/6"}],"replies":[{"embeddable":true,"href":"https:\/\/cdnoticias.com\/index.php\/wp-json\/wp\/v2\/comments?post=62600"}],"version-history":[{"count":0,"href":"https:\/\/cdnoticias.com\/index.php\/wp-json\/wp\/v2\/posts\/62600\/revisions"}],"wp:featuredmedia":[{"embeddable":true,"href":"https:\/\/cdnoticias.com\/index.php\/wp-json\/wp\/v2\/media\/30018"}],"wp:attachment":[{"href":"https:\/\/cdnoticias.com\/index.php\/wp-json\/wp\/v2\/media?parent=62600"}],"wp:term":[{"taxonomy":"category","embeddable":true,"href":"https:\/\/cdnoticias.com\/index.php\/wp-json\/wp\/v2\/categories?post=62600"},{"taxonomy":"post_tag","embeddable":true,"href":"https:\/\/cdnoticias.com\/index.php\/wp-json\/wp\/v2\/tags?post=62600"}],"curies":[{"name":"wp","href":"https:\/\/api.w.org\/{rel}","templated":true}]}}