{"id":62589,"date":"2022-08-17T17:25:34","date_gmt":"2022-08-17T20:25:34","guid":{"rendered":"https:\/\/www.centraldenoticias.com.ar\/?p=62589"},"modified":"2022-08-17T18:59:15","modified_gmt":"2022-08-17T21:59:15","slug":"realizaron-el-acto-protocolar-por-el-172-aniversario-del-fallecimiento-del-general-san-martin","status":"publish","type":"post","link":"https:\/\/cdnoticias.com\/index.php\/2022\/08\/17\/realizaron-el-acto-protocolar-por-el-172-aniversario-del-fallecimiento-del-general-san-martin\/","title":{"rendered":"Realizaron el acto protocolar por el 172 aniversario del fallecimiento del General San Mart\u00edn"},"content":{"rendered":"<p>Fue en el Parque Senador Lara en la tarde de este mi\u00e9rcoles. Particip\u00f3 el intendente y referentes de organismos e instituciones locales.<!--more--><\/p>\n<hr \/>\n<p>Este mi\u00e9rcoles por la tarde, a las 15:00 horas exactas, <strong>se realiz\u00f3 un minuto de silencio al conmemorarse 172 a\u00f1os del fallecimiento del General Jos\u00e9 de San Mart\u00edn.<\/strong><\/p>\n<p>&nbsp;<\/p>\n<p><img data-recalc-dims=\"1\" loading=\"lazy\" decoding=\"async\" class=\"alignnone size-large wp-image-62591\" src=\"https:\/\/i0.wp.com\/cdnoticias.com\/wp-content\/uploads\/2022\/08\/Acto-San-Martin-3-scaled-1.jpg?resize=800%2C534&#038;ssl=1\" alt=\"\" width=\"800\" height=\"534\" srcset=\"https:\/\/i0.wp.com\/cdnoticias.com\/wp-content\/uploads\/2022\/08\/Acto-San-Martin-3-scaled-1.jpg?resize=1024%2C684&amp;ssl=1 1024w, https:\/\/i0.wp.com\/cdnoticias.com\/wp-content\/uploads\/2022\/08\/Acto-San-Martin-3-scaled-1.jpg?resize=300%2C201&amp;ssl=1 300w, https:\/\/i0.wp.com\/cdnoticias.com\/wp-content\/uploads\/2022\/08\/Acto-San-Martin-3-scaled-1.jpg?resize=768%2C513&amp;ssl=1 768w, https:\/\/i0.wp.com\/cdnoticias.com\/wp-content\/uploads\/2022\/08\/Acto-San-Martin-3-scaled-1.jpg?resize=1536%2C1027&amp;ssl=1 1536w, https:\/\/i0.wp.com\/cdnoticias.com\/wp-content\/uploads\/2022\/08\/Acto-San-Martin-3-scaled-1.jpg?resize=2048%2C1369&amp;ssl=1 2048w, https:\/\/i0.wp.com\/cdnoticias.com\/wp-content\/uploads\/2022\/08\/Acto-San-Martin-3-scaled-1.jpg?resize=272%2C182&amp;ssl=1 272w, https:\/\/i0.wp.com\/cdnoticias.com\/wp-content\/uploads\/2022\/08\/Acto-San-Martin-3-scaled-1.jpg?w=1600&amp;ssl=1 1600w, https:\/\/i0.wp.com\/cdnoticias.com\/wp-content\/uploads\/2022\/08\/Acto-San-Martin-3-scaled-1.jpg?w=2400&amp;ssl=1 2400w\" sizes=\"auto, (max-width: 800px) 100vw, 800px\" \/><\/p>\n<p>&nbsp;<\/p>\n<blockquote><p>Fue en el marco del acto homenaje que tuvo lugar en el Parque del Bicentenario \u201cSenador O. Lara\u201d, que fue encabezado por el intendente Ezequiel Galli.<\/p><\/blockquote>\n<p>&nbsp;<\/p>\n<p>Estuvo acompa\u00f1ado por la presidente del HCD Cecilia Krivochen, el jefe del Regimiento de Caballer\u00eda de Tanques II Cristian Castellanos, el presidente del Consejo Escolar Bruno Di Carlo, secretarios, subsecretarios y directores del Ejecutivo, concejales, el presidente de la Asociaci\u00f3n Sanmartiniana H\u00e9ctor Hoyos, representantes de instituciones locales y educativas y miembros de la comunidad.<\/p>\n<p>&nbsp;<\/p>\n<p><img data-recalc-dims=\"1\" loading=\"lazy\" decoding=\"async\" class=\"alignnone size-large wp-image-62593\" src=\"https:\/\/i0.wp.com\/cdnoticias.com\/wp-content\/uploads\/2022\/08\/Acto-San-Martin-5-scaled-1.jpg?resize=800%2C534&#038;ssl=1\" alt=\"\" width=\"800\" height=\"534\" srcset=\"https:\/\/i0.wp.com\/cdnoticias.com\/wp-content\/uploads\/2022\/08\/Acto-San-Martin-5-scaled-1.jpg?resize=1024%2C684&amp;ssl=1 1024w, https:\/\/i0.wp.com\/cdnoticias.com\/wp-content\/uploads\/2022\/08\/Acto-San-Martin-5-scaled-1.jpg?resize=300%2C201&amp;ssl=1 300w, https:\/\/i0.wp.com\/cdnoticias.com\/wp-content\/uploads\/2022\/08\/Acto-San-Martin-5-scaled-1.jpg?resize=768%2C513&amp;ssl=1 768w, https:\/\/i0.wp.com\/cdnoticias.com\/wp-content\/uploads\/2022\/08\/Acto-San-Martin-5-scaled-1.jpg?resize=1536%2C1027&amp;ssl=1 1536w, https:\/\/i0.wp.com\/cdnoticias.com\/wp-content\/uploads\/2022\/08\/Acto-San-Martin-5-scaled-1.jpg?resize=2048%2C1369&amp;ssl=1 2048w, https:\/\/i0.wp.com\/cdnoticias.com\/wp-content\/uploads\/2022\/08\/Acto-San-Martin-5-scaled-1.jpg?resize=272%2C182&amp;ssl=1 272w, https:\/\/i0.wp.com\/cdnoticias.com\/wp-content\/uploads\/2022\/08\/Acto-San-Martin-5-scaled-1.jpg?w=1600&amp;ssl=1 1600w, https:\/\/i0.wp.com\/cdnoticias.com\/wp-content\/uploads\/2022\/08\/Acto-San-Martin-5-scaled-1.jpg?w=2400&amp;ssl=1 2400w\" sizes=\"auto, (max-width: 800px) 100vw, 800px\" \/> <img data-recalc-dims=\"1\" loading=\"lazy\" decoding=\"async\" class=\"alignnone size-large wp-image-62594\" src=\"https:\/\/i0.wp.com\/cdnoticias.com\/wp-content\/uploads\/2022\/08\/Acto-San-Martin-6-scaled-1.jpg?resize=800%2C534&#038;ssl=1\" alt=\"\" width=\"800\" height=\"534\" srcset=\"https:\/\/i0.wp.com\/cdnoticias.com\/wp-content\/uploads\/2022\/08\/Acto-San-Martin-6-scaled-1.jpg?resize=1024%2C684&amp;ssl=1 1024w, https:\/\/i0.wp.com\/cdnoticias.com\/wp-content\/uploads\/2022\/08\/Acto-San-Martin-6-scaled-1.jpg?resize=300%2C201&amp;ssl=1 300w, https:\/\/i0.wp.com\/cdnoticias.com\/wp-content\/uploads\/2022\/08\/Acto-San-Martin-6-scaled-1.jpg?resize=768%2C513&amp;ssl=1 768w, https:\/\/i0.wp.com\/cdnoticias.com\/wp-content\/uploads\/2022\/08\/Acto-San-Martin-6-scaled-1.jpg?resize=1536%2C1027&amp;ssl=1 1536w, https:\/\/i0.wp.com\/cdnoticias.com\/wp-content\/uploads\/2022\/08\/Acto-San-Martin-6-scaled-1.jpg?resize=2048%2C1369&amp;ssl=1 2048w, https:\/\/i0.wp.com\/cdnoticias.com\/wp-content\/uploads\/2022\/08\/Acto-San-Martin-6-scaled-1.jpg?resize=272%2C182&amp;ssl=1 272w, https:\/\/i0.wp.com\/cdnoticias.com\/wp-content\/uploads\/2022\/08\/Acto-San-Martin-6-scaled-1.jpg?w=1600&amp;ssl=1 1600w, https:\/\/i0.wp.com\/cdnoticias.com\/wp-content\/uploads\/2022\/08\/Acto-San-Martin-6-scaled-1.jpg?w=2400&amp;ssl=1 2400w\" sizes=\"auto, (max-width: 800px) 100vw, 800px\" \/><\/p>\n<p>&nbsp;<\/p>\n<p>El acto comenz\u00f3 con la entonaci\u00f3n de las estrofas del Himno Nacional Argentino y posteriormente <strong>se realiz\u00f3 la colocaci\u00f3n de ofrendas florales al pie del monumento al Padre de la Patria.<\/strong><\/p>\n<p>&nbsp;<\/p>\n<p><img data-recalc-dims=\"1\" loading=\"lazy\" decoding=\"async\" class=\"alignnone size-large wp-image-62590\" src=\"https:\/\/i0.wp.com\/cdnoticias.com\/wp-content\/uploads\/2022\/08\/Acto-San-Martin-2-scaled-1.jpg?resize=800%2C534&#038;ssl=1\" alt=\"\" width=\"800\" height=\"534\" srcset=\"https:\/\/i0.wp.com\/cdnoticias.com\/wp-content\/uploads\/2022\/08\/Acto-San-Martin-2-scaled-1.jpg?resize=1024%2C684&amp;ssl=1 1024w, https:\/\/i0.wp.com\/cdnoticias.com\/wp-content\/uploads\/2022\/08\/Acto-San-Martin-2-scaled-1.jpg?resize=300%2C201&amp;ssl=1 300w, https:\/\/i0.wp.com\/cdnoticias.com\/wp-content\/uploads\/2022\/08\/Acto-San-Martin-2-scaled-1.jpg?resize=768%2C513&amp;ssl=1 768w, https:\/\/i0.wp.com\/cdnoticias.com\/wp-content\/uploads\/2022\/08\/Acto-San-Martin-2-scaled-1.jpg?resize=1536%2C1027&amp;ssl=1 1536w, https:\/\/i0.wp.com\/cdnoticias.com\/wp-content\/uploads\/2022\/08\/Acto-San-Martin-2-scaled-1.jpg?resize=2048%2C1369&amp;ssl=1 2048w, https:\/\/i0.wp.com\/cdnoticias.com\/wp-content\/uploads\/2022\/08\/Acto-San-Martin-2-scaled-1.jpg?resize=272%2C182&amp;ssl=1 272w, https:\/\/i0.wp.com\/cdnoticias.com\/wp-content\/uploads\/2022\/08\/Acto-San-Martin-2-scaled-1.jpg?w=1600&amp;ssl=1 1600w, https:\/\/i0.wp.com\/cdnoticias.com\/wp-content\/uploads\/2022\/08\/Acto-San-Martin-2-scaled-1.jpg?w=2400&amp;ssl=1 2400w\" sizes=\"auto, (max-width: 800px) 100vw, 800px\" \/><\/p>\n<p>&nbsp;<\/p>\n<p>Luego tom\u00f3 la palabra el teniente primero Ezequiel Miralles y con la Marcha de San Lorenzo se dio por finalizada la ceremonia.<\/p>\n","protected":false},"excerpt":{"rendered":"<p>Fue en el Parque Senador Lara en la tarde de este mi\u00e9rcoles. Particip\u00f3 el intendente y referentes de organismos e<\/p>\n","protected":false},"author":2,"featured_media":62592,"comment_status":"closed","ping_status":"closed","sticky":false,"template":"","format":"standard","meta":{"_jetpack_memberships_contains_paid_content":false,"footnotes":""},"categories":[5,1],"tags":[],"class_list":["post-62589","post","type-post","status-publish","format-standard","has-post-thumbnail","hentry","category-informacion-general","category-portada"],"jetpack_featured_media_url":"https:\/\/i0.wp.com\/cdnoticias.com\/wp-content\/uploads\/2022\/08\/Acto-San-Martin-4-scaled-1.jpg?fit=2560%2C1711&ssl=1","jetpack_sharing_enabled":true,"_links":{"self":[{"href":"https:\/\/cdnoticias.com\/index.php\/wp-json\/wp\/v2\/posts\/62589","targetHints":{"allow":["GET"]}}],"collection":[{"href":"https:\/\/cdnoticias.com\/index.php\/wp-json\/wp\/v2\/posts"}],"about":[{"href":"https:\/\/cdnoticias.com\/index.php\/wp-json\/wp\/v2\/types\/post"}],"author":[{"embeddable":true,"href":"https:\/\/cdnoticias.com\/index.php\/wp-json\/wp\/v2\/users\/2"}],"replies":[{"embeddable":true,"href":"https:\/\/cdnoticias.com\/index.php\/wp-json\/wp\/v2\/comments?post=62589"}],"version-history":[{"count":0,"href":"https:\/\/cdnoticias.com\/index.php\/wp-json\/wp\/v2\/posts\/62589\/revisions"}],"wp:featuredmedia":[{"embeddable":true,"href":"https:\/\/cdnoticias.com\/index.php\/wp-json\/wp\/v2\/media\/62592"}],"wp:attachment":[{"href":"https:\/\/cdnoticias.com\/index.php\/wp-json\/wp\/v2\/media?parent=62589"}],"wp:term":[{"taxonomy":"category","embeddable":true,"href":"https:\/\/cdnoticias.com\/index.php\/wp-json\/wp\/v2\/categories?post=62589"},{"taxonomy":"post_tag","embeddable":true,"href":"https:\/\/cdnoticias.com\/index.php\/wp-json\/wp\/v2\/tags?post=62589"}],"curies":[{"name":"wp","href":"https:\/\/api.w.org\/{rel}","templated":true}]}}